
{"id":5846,"date":"2026-03-03T22:20:01","date_gmt":"2026-03-03T21:20:01","guid":{"rendered":"https:\/\/ks-zdole.si\/?p=5846"},"modified":"2026-04-18T17:04:47","modified_gmt":"2026-04-18T16:04:47","slug":"nasa-gasilska-mladina-navdusila-v-leskovcu-pri-krskem","status":"publish","type":"post","link":"https:\/\/ks-zdole.si\/index.php\/2026\/03\/03\/nasa-gasilska-mladina-navdusila-v-leskovcu-pri-krskem\/","title":{"rendered":"Na\u0161a gasilska mladina navdu\u0161ila v Leskovcu pri Kr\u0161kem"},"content":{"rendered":"\n<p><strong>Zadnja sobota v mesecu februarju je bila za na\u0161e dru\u0161tvo obarvana v barve ponosa in mladostne energije. V soboto, 28. februarja 2026, so se na\u0161i pionirji in mladinci udele\u017eili tekmovanja v kvizu gasilske mladine v Leskovcu pri Kr\u0161kem, kjer so v mo\u010dni konkurenci dokazali, da se za prihodnost na\u0161ega gasilstva ni bati.<\/strong><\/p>\n\n\n\n<p>Tekmovanje v gasilskem kvizu od mladih upov zahteva ve\u010d kot le hitre prste; klju\u010dni so poglobljeno teoreti\u010dno znanje, poznavanje gasilske zgodovine, spretnost pri vezanju vozlov in predvsem izjemen ekipni duh. Vse to so na\u0161i mladi tekmovalci na zadnji februarski dan pokazali v polni meri.<\/p>\n\n\n\n<h3 class=\"wp-block-heading\">Pionirji na stopni\u010dkah<\/h3>\n\n\n\n<p>Na\u0161i najmlaj\u0161i, pionirji, so se na progo in h kvizu podali z ogromno mero borbenosti. Njihov trud se je odrazil v odli\u010dnih uvrstitvah:<\/p>\n\n\n\n<ul class=\"wp-block-list\">\n<li><strong>3. mesto:<\/strong> Ena izmed ekip pionirjev je s suverenim znanjem pometla s konkurenco in si zaslu\u017eeno priborila bronasti pokal.<\/li>\n\n\n\n<li><strong>5. mesto:<\/strong> Tudi druga ekipa pionirjev je blestela in tekmovanje zaklju\u010dila tik pod vrhom, na visokem petem mestu.<\/li>\n<\/ul>\n\n\n\n<p>Iskrene \u010destitke obema ekipama za prikazano mirno kri v klju\u010dnih trenutkih!<\/p>\n\n\n\n<h3 class=\"wp-block-heading\">Mladinci tik pod vrhom<\/h3>\n\n\n\n<p>Ni\u010d manj prepri\u010dljivi niso bili na\u0161i mladinci. V kategoriji, kjer o zmagovalcih pogosto odlo\u010dajo sekunde in nianse, so pokazali izjemno teoreti\u010dno podkovanost in usklajenost. Dosegli so <strong>odli\u010dno 4. mesto<\/strong>, kar je v tako mo\u010dni konkurenci vrhunski rezultat, ki potrjuje njihovo trdo delo na vajah.<\/p>\n\n\n\n<h3 class=\"wp-block-heading\">Prihodnost, ki obeta<\/h3>\n\n\n\n<p>Rezultati so sicer ble\u0161\u010de\u010di, a tisto, kar \u0161teje najve\u010d, sta njihov <strong>trud in sr\u010dnost<\/strong>. Tak\u0161na mladina, ki svoj prosti \u010das vlaga v u\u010denje plemenitih ve\u0161\u010din pomo\u010di bli\u017enjemu, je pravi temelj na\u0161ega dru\u0161tva in \u0161ir\u0161e skupnosti.<\/p>\n\n\n\n<blockquote class=\"wp-block-quote is-layout-flow wp-block-quote-is-layout-flow\">\n<p>&#8220;Ponosen sem na vsakega posameznika, ki je 28. februarja zastopal na\u0161e barve. Njihova vztrajnost in ekipni duh sta zgled vsem nam,&#8221; je po tekmovanju dodal eden od mentorjev.<\/p>\n<\/blockquote>\n\n\n\n<p>Bravo vsem tekmovalcem! Ponosni smo na vas in z veseljem bomo spremljali va\u0161o pot \u0161e naprej.<\/p>\n\n\n\n<p><strong>Na pomo\u010d!<\/strong><\/p>\n\n\n\n<hr class=\"wp-block-separator has-alpha-channel-opacity\"\/>\n\n\n\n<div class=\"wp-block-dgwt-justified-gallery\"><div id='gallery-1' class='gallery galleryid-5846 gallery-columns-3 gallery-size-thumbnail'><figure class='gallery-item'>\n\t\t\t<div class='gallery-icon portrait'>\n\t\t\t\t<a href='https:\/\/ks-zdole.si\/index.php\/2026\/03\/03\/nasa-gasilska-mladina-navdusila-v-leskovcu-pri-krskem\/28-2-2026-3\/'><img loading=\"lazy\" decoding=\"async\" width=\"150\" height=\"150\" src=\"https:\/\/ks-zdole.si\/wp-content\/uploads\/2026\/03\/28-2-2026-3-150x150.jpg\" class=\"attachment-thumbnail size-thumbnail\" alt=\"\" \/><\/a>\n\t\t\t<\/div><\/figure><figure class='gallery-item'>\n\t\t\t<div class='gallery-icon landscape'>\n\t\t\t\t<a href='https:\/\/ks-zdole.si\/index.php\/2026\/03\/03\/nasa-gasilska-mladina-navdusila-v-leskovcu-pri-krskem\/28-2-2026-6\/'><img loading=\"lazy\" decoding=\"async\" width=\"150\" height=\"150\" src=\"https:\/\/ks-zdole.si\/wp-content\/uploads\/2026\/03\/28-2-2026-6-150x150.jpg\" class=\"attachment-thumbnail size-thumbnail\" alt=\"\" \/><\/a>\n\t\t\t<\/div><\/figure><figure class='gallery-item'>\n\t\t\t<div class='gallery-icon portrait'>\n\t\t\t\t<a href='https:\/\/ks-zdole.si\/index.php\/2026\/03\/03\/nasa-gasilska-mladina-navdusila-v-leskovcu-pri-krskem\/28-2-2026-4\/'><img loading=\"lazy\" decoding=\"async\" width=\"150\" height=\"150\" src=\"https:\/\/ks-zdole.si\/wp-content\/uploads\/2026\/03\/28-2-2026-4-150x150.jpg\" class=\"attachment-thumbnail size-thumbnail\" alt=\"\" \/><\/a>\n\t\t\t<\/div><\/figure><figure class='gallery-item'>\n\t\t\t<div class='gallery-icon landscape'>\n\t\t\t\t<a href='https:\/\/ks-zdole.si\/index.php\/2026\/03\/03\/nasa-gasilska-mladina-navdusila-v-leskovcu-pri-krskem\/28-2-2026-2\/'><img loading=\"lazy\" decoding=\"async\" width=\"150\" height=\"150\" src=\"https:\/\/ks-zdole.si\/wp-content\/uploads\/2026\/03\/28-2-2026-2-150x150.jpg\" class=\"attachment-thumbnail size-thumbnail\" alt=\"\" \/><\/a>\n\t\t\t<\/div><\/figure><figure class='gallery-item'>\n\t\t\t<div class='gallery-icon portrait'>\n\t\t\t\t<a href='https:\/\/ks-zdole.si\/index.php\/2026\/03\/03\/nasa-gasilska-mladina-navdusila-v-leskovcu-pri-krskem\/28-2-2026-5\/'><img loading=\"lazy\" decoding=\"async\" width=\"150\" height=\"150\" src=\"https:\/\/ks-zdole.si\/wp-content\/uploads\/2026\/03\/28-2-2026-5-150x150.jpg\" class=\"attachment-thumbnail size-thumbnail\" alt=\"\" \/><\/a>\n\t\t\t<\/div><\/figure><figure class='gallery-item'>\n\t\t\t<div class='gallery-icon portrait'>\n\t\t\t\t<a href='https:\/\/ks-zdole.si\/index.php\/2026\/03\/03\/nasa-gasilska-mladina-navdusila-v-leskovcu-pri-krskem\/28-2-2026-1\/'><img loading=\"lazy\" decoding=\"async\" width=\"150\" height=\"150\" src=\"https:\/\/ks-zdole.si\/wp-content\/uploads\/2026\/03\/28-2-2026-1-150x150.jpg\" class=\"attachment-thumbnail size-thumbnail\" alt=\"\" \/><\/a>\n\t\t\t<\/div><\/figure>\n\t\t<\/div>\n<\/div>\n","protected":false},"excerpt":{"rendered":"<p>Zadnja sobota v mesecu februarju je bila za na\u0161e dru\u0161tvo obarvana v barve ponosa in mladostne energije. V soboto, 28. februarja 2026, so se na\u0161i pionirji in mladinci udele\u017eili tekmovanja v kvizu gasilske mladine v Leskovcu pri Kr\u0161kem, kjer so v mo\u010dni konkurenci dokazali, da se za prihodnost na\u0161ega gasilstva ni bati. Tekmovanje v gasilskem [&hellip;]<\/p>\n","protected":false},"author":3,"featured_media":5852,"comment_status":"closed","ping_status":"closed","sticky":false,"template":"","format":"standard","meta":{"footnotes":""},"categories":[46],"tags":[],"class_list":["post-5846","post","type-post","status-publish","format-standard","has-post-thumbnail","hentry","category-gasilsko-drustvo-zdole"],"yoast_head":"<!-- This site is optimized with the Yoast SEO plugin v27.5 - https:\/\/yoast.com\/product\/yoast-seo-wordpress\/ -->\n<title>Na\u0161a gasilska mladina navdu\u0161ila v Leskovcu pri Kr\u0161kem - KS - ZDOLE<\/title>\n<meta name=\"robots\" content=\"index, follow, max-snippet:-1, max-image-preview:large, max-video-preview:-1\" \/>\n<link rel=\"canonical\" href=\"https:\/\/ks-zdole.si\/index.php\/2026\/03\/03\/nasa-gasilska-mladina-navdusila-v-leskovcu-pri-krskem\/\" \/>\n<meta property=\"og:locale\" content=\"sl_SI\" \/>\n<meta property=\"og:type\" content=\"article\" \/>\n<meta property=\"og:title\" content=\"Na\u0161a gasilska mladina navdu\u0161ila v Leskovcu pri Kr\u0161kem - KS - ZDOLE\" \/>\n<meta property=\"og:description\" content=\"Zadnja sobota v mesecu februarju je bila za na\u0161e dru\u0161tvo obarvana v barve ponosa in mladostne energije. V soboto, 28. februarja 2026, so se na\u0161i pionirji in mladinci udele\u017eili tekmovanja v kvizu gasilske mladine v Leskovcu pri Kr\u0161kem, kjer so v mo\u010dni konkurenci dokazali, da se za prihodnost na\u0161ega gasilstva ni bati. Tekmovanje v gasilskem [&hellip;]\" \/>\n<meta property=\"og:url\" content=\"https:\/\/ks-zdole.si\/index.php\/2026\/03\/03\/nasa-gasilska-mladina-navdusila-v-leskovcu-pri-krskem\/\" \/>\n<meta property=\"og:site_name\" content=\"KS - ZDOLE\" \/>\n<meta property=\"article:published_time\" content=\"2026-03-03T21:20:01+00:00\" \/>\n<meta property=\"article:modified_time\" content=\"2026-04-18T16:04:47+00:00\" \/>\n<meta property=\"og:image\" content=\"https:\/\/ks-zdole.si\/wp-content\/uploads\/2026\/03\/28-2-2026-2.jpg\" \/>\n\t<meta property=\"og:image:width\" content=\"1600\" \/>\n\t<meta property=\"og:image:height\" content=\"1200\" \/>\n\t<meta property=\"og:image:type\" content=\"image\/jpeg\" \/>\n<meta name=\"author\" content=\"Stanislav \u0160tajer\" \/>\n<meta name=\"twitter:card\" content=\"summary_large_image\" \/>\n<meta name=\"twitter:label1\" content=\"Written by\" \/>\n\t<meta name=\"twitter:data1\" content=\"Stanislav \u0160tajer\" \/>\n\t<meta name=\"twitter:label2\" content=\"Est. reading time\" \/>\n\t<meta name=\"twitter:data2\" content=\"2 minuti\" \/>\n<script type=\"application\/ld+json\" class=\"yoast-schema-graph\">{\"@context\":\"https:\\\/\\\/schema.org\",\"@graph\":[{\"@type\":\"Article\",\"@id\":\"https:\\\/\\\/ks-zdole.si\\\/index.php\\\/2026\\\/03\\\/03\\\/nasa-gasilska-mladina-navdusila-v-leskovcu-pri-krskem\\\/#article\",\"isPartOf\":{\"@id\":\"https:\\\/\\\/ks-zdole.si\\\/index.php\\\/2026\\\/03\\\/03\\\/nasa-gasilska-mladina-navdusila-v-leskovcu-pri-krskem\\\/\"},\"author\":{\"name\":\"Stanislav \u0160tajer\",\"@id\":\"https:\\\/\\\/ks-zdole.si\\\/#\\\/schema\\\/person\\\/ae5c388d266ba01cac82f64c466a0a53\"},\"headline\":\"Na\u0161a gasilska mladina navdu\u0161ila v Leskovcu pri Kr\u0161kem\",\"datePublished\":\"2026-03-03T21:20:01+00:00\",\"dateModified\":\"2026-04-18T16:04:47+00:00\",\"mainEntityOfPage\":{\"@id\":\"https:\\\/\\\/ks-zdole.si\\\/index.php\\\/2026\\\/03\\\/03\\\/nasa-gasilska-mladina-navdusila-v-leskovcu-pri-krskem\\\/\"},\"wordCount\":345,\"publisher\":{\"@id\":\"https:\\\/\\\/ks-zdole.si\\\/#organization\"},\"image\":{\"@id\":\"https:\\\/\\\/ks-zdole.si\\\/index.php\\\/2026\\\/03\\\/03\\\/nasa-gasilska-mladina-navdusila-v-leskovcu-pri-krskem\\\/#primaryimage\"},\"thumbnailUrl\":\"https:\\\/\\\/ks-zdole.si\\\/wp-content\\\/uploads\\\/2026\\\/03\\\/28-2-2026-2.jpg\",\"articleSection\":[\"GASILSKO DRU\u0160TVO ZDOLE\"],\"inLanguage\":\"sl-SI\"},{\"@type\":\"WebPage\",\"@id\":\"https:\\\/\\\/ks-zdole.si\\\/index.php\\\/2026\\\/03\\\/03\\\/nasa-gasilska-mladina-navdusila-v-leskovcu-pri-krskem\\\/\",\"url\":\"https:\\\/\\\/ks-zdole.si\\\/index.php\\\/2026\\\/03\\\/03\\\/nasa-gasilska-mladina-navdusila-v-leskovcu-pri-krskem\\\/\",\"name\":\"Na\u0161a gasilska mladina navdu\u0161ila v Leskovcu pri Kr\u0161kem - KS - ZDOLE\",\"isPartOf\":{\"@id\":\"https:\\\/\\\/ks-zdole.si\\\/#website\"},\"primaryImageOfPage\":{\"@id\":\"https:\\\/\\\/ks-zdole.si\\\/index.php\\\/2026\\\/03\\\/03\\\/nasa-gasilska-mladina-navdusila-v-leskovcu-pri-krskem\\\/#primaryimage\"},\"image\":{\"@id\":\"https:\\\/\\\/ks-zdole.si\\\/index.php\\\/2026\\\/03\\\/03\\\/nasa-gasilska-mladina-navdusila-v-leskovcu-pri-krskem\\\/#primaryimage\"},\"thumbnailUrl\":\"https:\\\/\\\/ks-zdole.si\\\/wp-content\\\/uploads\\\/2026\\\/03\\\/28-2-2026-2.jpg\",\"datePublished\":\"2026-03-03T21:20:01+00:00\",\"dateModified\":\"2026-04-18T16:04:47+00:00\",\"breadcrumb\":{\"@id\":\"https:\\\/\\\/ks-zdole.si\\\/index.php\\\/2026\\\/03\\\/03\\\/nasa-gasilska-mladina-navdusila-v-leskovcu-pri-krskem\\\/#breadcrumb\"},\"inLanguage\":\"sl-SI\",\"potentialAction\":[{\"@type\":\"ReadAction\",\"target\":[\"https:\\\/\\\/ks-zdole.si\\\/index.php\\\/2026\\\/03\\\/03\\\/nasa-gasilska-mladina-navdusila-v-leskovcu-pri-krskem\\\/\"]}]},{\"@type\":\"ImageObject\",\"inLanguage\":\"sl-SI\",\"@id\":\"https:\\\/\\\/ks-zdole.si\\\/index.php\\\/2026\\\/03\\\/03\\\/nasa-gasilska-mladina-navdusila-v-leskovcu-pri-krskem\\\/#primaryimage\",\"url\":\"https:\\\/\\\/ks-zdole.si\\\/wp-content\\\/uploads\\\/2026\\\/03\\\/28-2-2026-2.jpg\",\"contentUrl\":\"https:\\\/\\\/ks-zdole.si\\\/wp-content\\\/uploads\\\/2026\\\/03\\\/28-2-2026-2.jpg\",\"width\":1600,\"height\":1200},{\"@type\":\"BreadcrumbList\",\"@id\":\"https:\\\/\\\/ks-zdole.si\\\/index.php\\\/2026\\\/03\\\/03\\\/nasa-gasilska-mladina-navdusila-v-leskovcu-pri-krskem\\\/#breadcrumb\",\"itemListElement\":[{\"@type\":\"ListItem\",\"position\":1,\"name\":\"Home\",\"item\":\"https:\\\/\\\/ks-zdole.si\\\/\"},{\"@type\":\"ListItem\",\"position\":2,\"name\":\"Na\u0161a gasilska mladina navdu\u0161ila v Leskovcu pri Kr\u0161kem\"}]},{\"@type\":\"WebSite\",\"@id\":\"https:\\\/\\\/ks-zdole.si\\\/#website\",\"url\":\"https:\\\/\\\/ks-zdole.si\\\/\",\"name\":\"KS - ZDOLE\",\"description\":\"Zdole, lu\u010d sveta!\",\"publisher\":{\"@id\":\"https:\\\/\\\/ks-zdole.si\\\/#organization\"},\"potentialAction\":[{\"@type\":\"SearchAction\",\"target\":{\"@type\":\"EntryPoint\",\"urlTemplate\":\"https:\\\/\\\/ks-zdole.si\\\/?s={search_term_string}\"},\"query-input\":{\"@type\":\"PropertyValueSpecification\",\"valueRequired\":true,\"valueName\":\"search_term_string\"}}],\"inLanguage\":\"sl-SI\"},{\"@type\":\"Organization\",\"@id\":\"https:\\\/\\\/ks-zdole.si\\\/#organization\",\"name\":\"KS - ZDOLE\",\"url\":\"https:\\\/\\\/ks-zdole.si\\\/\",\"logo\":{\"@type\":\"ImageObject\",\"inLanguage\":\"sl-SI\",\"@id\":\"https:\\\/\\\/ks-zdole.si\\\/#\\\/schema\\\/logo\\\/image\\\/\",\"url\":\"https:\\\/\\\/ks-zdole.si\\\/wp-content\\\/uploads\\\/2024\\\/04\\\/grb_zdole_150.png\",\"contentUrl\":\"https:\\\/\\\/ks-zdole.si\\\/wp-content\\\/uploads\\\/2024\\\/04\\\/grb_zdole_150.png\",\"width\":150,\"height\":184,\"caption\":\"KS - ZDOLE\"},\"image\":{\"@id\":\"https:\\\/\\\/ks-zdole.si\\\/#\\\/schema\\\/logo\\\/image\\\/\"}},{\"@type\":\"Person\",\"@id\":\"https:\\\/\\\/ks-zdole.si\\\/#\\\/schema\\\/person\\\/ae5c388d266ba01cac82f64c466a0a53\",\"name\":\"Stanislav \u0160tajer\",\"image\":{\"@type\":\"ImageObject\",\"inLanguage\":\"sl-SI\",\"@id\":\"https:\\\/\\\/secure.gravatar.com\\\/avatar\\\/e898bb64a5747a278130fdaa3d0014b9786051da212912601124f80dfa01abc4?s=96&d=mm&r=g\",\"url\":\"https:\\\/\\\/secure.gravatar.com\\\/avatar\\\/e898bb64a5747a278130fdaa3d0014b9786051da212912601124f80dfa01abc4?s=96&d=mm&r=g\",\"contentUrl\":\"https:\\\/\\\/secure.gravatar.com\\\/avatar\\\/e898bb64a5747a278130fdaa3d0014b9786051da212912601124f80dfa01abc4?s=96&d=mm&r=g\",\"caption\":\"Stanislav \u0160tajer\"},\"url\":\"https:\\\/\\\/ks-zdole.si\\\/index.php\\\/author\\\/zdolan\\\/\"}]}<\/script>\n<!-- \/ Yoast SEO plugin. -->","yoast_head_json":{"title":"Na\u0161a gasilska mladina navdu\u0161ila v Leskovcu pri Kr\u0161kem - KS - ZDOLE","robots":{"index":"index","follow":"follow","max-snippet":"max-snippet:-1","max-image-preview":"max-image-preview:large","max-video-preview":"max-video-preview:-1"},"canonical":"https:\/\/ks-zdole.si\/index.php\/2026\/03\/03\/nasa-gasilska-mladina-navdusila-v-leskovcu-pri-krskem\/","og_locale":"sl_SI","og_type":"article","og_title":"Na\u0161a gasilska mladina navdu\u0161ila v Leskovcu pri Kr\u0161kem - KS - ZDOLE","og_description":"Zadnja sobota v mesecu februarju je bila za na\u0161e dru\u0161tvo obarvana v barve ponosa in mladostne energije. V soboto, 28. februarja 2026, so se na\u0161i pionirji in mladinci udele\u017eili tekmovanja v kvizu gasilske mladine v Leskovcu pri Kr\u0161kem, kjer so v mo\u010dni konkurenci dokazali, da se za prihodnost na\u0161ega gasilstva ni bati. Tekmovanje v gasilskem [&hellip;]","og_url":"https:\/\/ks-zdole.si\/index.php\/2026\/03\/03\/nasa-gasilska-mladina-navdusila-v-leskovcu-pri-krskem\/","og_site_name":"KS - ZDOLE","article_published_time":"2026-03-03T21:20:01+00:00","article_modified_time":"2026-04-18T16:04:47+00:00","og_image":[{"width":1600,"height":1200,"url":"https:\/\/ks-zdole.si\/wp-content\/uploads\/2026\/03\/28-2-2026-2.jpg","type":"image\/jpeg"}],"author":"Stanislav \u0160tajer","twitter_card":"summary_large_image","twitter_misc":{"Written by":"Stanislav \u0160tajer","Est. reading time":"2 minuti"},"schema":{"@context":"https:\/\/schema.org","@graph":[{"@type":"Article","@id":"https:\/\/ks-zdole.si\/index.php\/2026\/03\/03\/nasa-gasilska-mladina-navdusila-v-leskovcu-pri-krskem\/#article","isPartOf":{"@id":"https:\/\/ks-zdole.si\/index.php\/2026\/03\/03\/nasa-gasilska-mladina-navdusila-v-leskovcu-pri-krskem\/"},"author":{"name":"Stanislav \u0160tajer","@id":"https:\/\/ks-zdole.si\/#\/schema\/person\/ae5c388d266ba01cac82f64c466a0a53"},"headline":"Na\u0161a gasilska mladina navdu\u0161ila v Leskovcu pri Kr\u0161kem","datePublished":"2026-03-03T21:20:01+00:00","dateModified":"2026-04-18T16:04:47+00:00","mainEntityOfPage":{"@id":"https:\/\/ks-zdole.si\/index.php\/2026\/03\/03\/nasa-gasilska-mladina-navdusila-v-leskovcu-pri-krskem\/"},"wordCount":345,"publisher":{"@id":"https:\/\/ks-zdole.si\/#organization"},"image":{"@id":"https:\/\/ks-zdole.si\/index.php\/2026\/03\/03\/nasa-gasilska-mladina-navdusila-v-leskovcu-pri-krskem\/#primaryimage"},"thumbnailUrl":"https:\/\/ks-zdole.si\/wp-content\/uploads\/2026\/03\/28-2-2026-2.jpg","articleSection":["GASILSKO DRU\u0160TVO ZDOLE"],"inLanguage":"sl-SI"},{"@type":"WebPage","@id":"https:\/\/ks-zdole.si\/index.php\/2026\/03\/03\/nasa-gasilska-mladina-navdusila-v-leskovcu-pri-krskem\/","url":"https:\/\/ks-zdole.si\/index.php\/2026\/03\/03\/nasa-gasilska-mladina-navdusila-v-leskovcu-pri-krskem\/","name":"Na\u0161a gasilska mladina navdu\u0161ila v Leskovcu pri Kr\u0161kem - KS - ZDOLE","isPartOf":{"@id":"https:\/\/ks-zdole.si\/#website"},"primaryImageOfPage":{"@id":"https:\/\/ks-zdole.si\/index.php\/2026\/03\/03\/nasa-gasilska-mladina-navdusila-v-leskovcu-pri-krskem\/#primaryimage"},"image":{"@id":"https:\/\/ks-zdole.si\/index.php\/2026\/03\/03\/nasa-gasilska-mladina-navdusila-v-leskovcu-pri-krskem\/#primaryimage"},"thumbnailUrl":"https:\/\/ks-zdole.si\/wp-content\/uploads\/2026\/03\/28-2-2026-2.jpg","datePublished":"2026-03-03T21:20:01+00:00","dateModified":"2026-04-18T16:04:47+00:00","breadcrumb":{"@id":"https:\/\/ks-zdole.si\/index.php\/2026\/03\/03\/nasa-gasilska-mladina-navdusila-v-leskovcu-pri-krskem\/#breadcrumb"},"inLanguage":"sl-SI","potentialAction":[{"@type":"ReadAction","target":["https:\/\/ks-zdole.si\/index.php\/2026\/03\/03\/nasa-gasilska-mladina-navdusila-v-leskovcu-pri-krskem\/"]}]},{"@type":"ImageObject","inLanguage":"sl-SI","@id":"https:\/\/ks-zdole.si\/index.php\/2026\/03\/03\/nasa-gasilska-mladina-navdusila-v-leskovcu-pri-krskem\/#primaryimage","url":"https:\/\/ks-zdole.si\/wp-content\/uploads\/2026\/03\/28-2-2026-2.jpg","contentUrl":"https:\/\/ks-zdole.si\/wp-content\/uploads\/2026\/03\/28-2-2026-2.jpg","width":1600,"height":1200},{"@type":"BreadcrumbList","@id":"https:\/\/ks-zdole.si\/index.php\/2026\/03\/03\/nasa-gasilska-mladina-navdusila-v-leskovcu-pri-krskem\/#breadcrumb","itemListElement":[{"@type":"ListItem","position":1,"name":"Home","item":"https:\/\/ks-zdole.si\/"},{"@type":"ListItem","position":2,"name":"Na\u0161a gasilska mladina navdu\u0161ila v Leskovcu pri Kr\u0161kem"}]},{"@type":"WebSite","@id":"https:\/\/ks-zdole.si\/#website","url":"https:\/\/ks-zdole.si\/","name":"KS - ZDOLE","description":"Zdole, lu\u010d sveta!","publisher":{"@id":"https:\/\/ks-zdole.si\/#organization"},"potentialAction":[{"@type":"SearchAction","target":{"@type":"EntryPoint","urlTemplate":"https:\/\/ks-zdole.si\/?s={search_term_string}"},"query-input":{"@type":"PropertyValueSpecification","valueRequired":true,"valueName":"search_term_string"}}],"inLanguage":"sl-SI"},{"@type":"Organization","@id":"https:\/\/ks-zdole.si\/#organization","name":"KS - ZDOLE","url":"https:\/\/ks-zdole.si\/","logo":{"@type":"ImageObject","inLanguage":"sl-SI","@id":"https:\/\/ks-zdole.si\/#\/schema\/logo\/image\/","url":"https:\/\/ks-zdole.si\/wp-content\/uploads\/2024\/04\/grb_zdole_150.png","contentUrl":"https:\/\/ks-zdole.si\/wp-content\/uploads\/2024\/04\/grb_zdole_150.png","width":150,"height":184,"caption":"KS - ZDOLE"},"image":{"@id":"https:\/\/ks-zdole.si\/#\/schema\/logo\/image\/"}},{"@type":"Person","@id":"https:\/\/ks-zdole.si\/#\/schema\/person\/ae5c388d266ba01cac82f64c466a0a53","name":"Stanislav \u0160tajer","image":{"@type":"ImageObject","inLanguage":"sl-SI","@id":"https:\/\/secure.gravatar.com\/avatar\/e898bb64a5747a278130fdaa3d0014b9786051da212912601124f80dfa01abc4?s=96&d=mm&r=g","url":"https:\/\/secure.gravatar.com\/avatar\/e898bb64a5747a278130fdaa3d0014b9786051da212912601124f80dfa01abc4?s=96&d=mm&r=g","contentUrl":"https:\/\/secure.gravatar.com\/avatar\/e898bb64a5747a278130fdaa3d0014b9786051da212912601124f80dfa01abc4?s=96&d=mm&r=g","caption":"Stanislav \u0160tajer"},"url":"https:\/\/ks-zdole.si\/index.php\/author\/zdolan\/"}]}},"_links":{"self":[{"href":"https:\/\/ks-zdole.si\/index.php\/wp-json\/wp\/v2\/posts\/5846","targetHints":{"allow":["GET"]}}],"collection":[{"href":"https:\/\/ks-zdole.si\/index.php\/wp-json\/wp\/v2\/posts"}],"about":[{"href":"https:\/\/ks-zdole.si\/index.php\/wp-json\/wp\/v2\/types\/post"}],"author":[{"embeddable":true,"href":"https:\/\/ks-zdole.si\/index.php\/wp-json\/wp\/v2\/users\/3"}],"replies":[{"embeddable":true,"href":"https:\/\/ks-zdole.si\/index.php\/wp-json\/wp\/v2\/comments?post=5846"}],"version-history":[{"count":1,"href":"https:\/\/ks-zdole.si\/index.php\/wp-json\/wp\/v2\/posts\/5846\/revisions"}],"predecessor-version":[{"id":5853,"href":"https:\/\/ks-zdole.si\/index.php\/wp-json\/wp\/v2\/posts\/5846\/revisions\/5853"}],"wp:featuredmedia":[{"embeddable":true,"href":"https:\/\/ks-zdole.si\/index.php\/wp-json\/wp\/v2\/media\/5852"}],"wp:attachment":[{"href":"https:\/\/ks-zdole.si\/index.php\/wp-json\/wp\/v2\/media?parent=5846"}],"wp:term":[{"taxonomy":"category","embeddable":true,"href":"https:\/\/ks-zdole.si\/index.php\/wp-json\/wp\/v2\/categories?post=5846"},{"taxonomy":"post_tag","embeddable":true,"href":"https:\/\/ks-zdole.si\/index.php\/wp-json\/wp\/v2\/tags?post=5846"}],"curies":[{"name":"wp","href":"https:\/\/api.w.org\/{rel}","templated":true}]}}