
{"id":5505,"date":"2025-03-17T16:13:26","date_gmt":"2025-03-17T15:13:26","guid":{"rendered":"https:\/\/ks-zdole.si\/?p=5505"},"modified":"2025-03-17T21:21:27","modified_gmt":"2025-03-17T20:21:27","slug":"razpis-za-podelitev-priznanj-ks-zdole-ob-krajevnem-prazniku-v-letu-2025","status":"publish","type":"post","link":"https:\/\/ks-zdole.si\/index.php\/2025\/03\/17\/razpis-za-podelitev-priznanj-ks-zdole-ob-krajevnem-prazniku-v-letu-2025\/","title":{"rendered":"RAZPIS ZA PODELITEV PRIZNANJ  KS-ZDOLE OB KRAJEVNEM PRAZNIKU V LETU 2025"},"content":{"rendered":"\n<p>O podelitvi priznanj KS Zdole odlo\u010da Svet krajevne skupnosti Zdole pri \u010demer se upo\u0161teva javni razpis in pogoji, ki so dolo\u010deni v Pravlniku o priznanjih krajevne skupnosti Zdole. Kandidate za priznanja lahko predlagajo politi\u010dne stranke, podjetja, krajevne skupnosti Zdole, skupine ljudi, klubi, zveze, posamezniki ter druge organizacije in skupnosti.<\/p>\n\n\n\n<p><strong>Predlog za krajevno priznanje mora vsebovati:<\/strong><\/p>\n\n\n\n<ul class=\"wp-block-list\">\n<li>podatke o predlagatelju,<\/li>\n\n\n\n<li>vrsto predlaganega priznanja,<\/li>\n\n\n\n<li>podatke o predlaganem prejemniku priznanja (ime priimek, naslov),<\/li>\n\n\n\n<li>obrazlo\u017eitev k predlogu.<\/li>\n<\/ul>\n\n\n\n<p><strong>Na osnovi predmetnega razpisa bo Svet krajevne skupnosti Zdole podelil priznanja in sicer:<\/strong><\/p>\n\n\n\n<ul class=\"wp-block-list\">\n<li><strong>Naziv \u010dastni krajan KS Zdole<\/strong> \u2013 je najvi\u0161je priznanje KS Zdole in se lahko podeli krajanom KS Zdole, ob\u010danom mestne ob\u010dine Kr\u0161ko in drugim dr\u017eavljanom za razvoj in trajni prispevek v Krajevni skupnosti Zdole in<\/li>\n\n\n\n<li><strong>Priznanje KS Zdole<\/strong> \u2013 se podeljuje za ve\u010d kot 5-letno trajno uspe\u0161no delo ter dosejanja na podro\u010dju gospodarstva, znanosti, kulture, \u0161porta, vzgoje in izobra\u017eevanja, humanitarnosti in na drugih podro\u010djih ter ob pomembnej\u0161ih jubilejih.<\/li>\n<\/ul>\n\n\n\n<p><strong>V posameznem letu Svet krajevne skupnosti Zdole podeli najve\u010d tri priznanja.<\/strong><\/p>\n\n\n\n<p><strong>Predloge po\u0161iljite na naslov: KRAJEVNA SKUPNOST Zdole, Zdole 29C, 8272 Zdole<\/strong> <strong>ali po e-po\u0161ti: ks.zdole@krsko.si do vklju\u010dno 28. 3. 2025 do 10.ure.<\/strong><\/p>\n\n\n\n<p><strong>Pripravil:<\/strong><br>Ale\u0161 Urek,<br>strokovni sodelavec KS<\/p>\n\n\n\n<p><strong>Igor \u0160majgl, I.r.,<\/strong><br>predsednik sveta KS<\/p>\n\n\n<div class=\"wp-block-image\">\n<figure class=\"aligncenter size-full is-resized\"><img loading=\"lazy\" decoding=\"async\" width=\"150\" height=\"184\" src=\"https:\/\/ks-zdole.si\/wp-content\/uploads\/2024\/04\/grb_zdole_150.png\" alt=\"\" class=\"wp-image-4581\" style=\"width:auto;height:100px\"\/><\/figure>\n<\/div>\n\n\n<p><\/p>\n","protected":false},"excerpt":{"rendered":"<p>O podelitvi priznanj KS Zdole odlo\u010da Svet krajevne skupnosti Zdole pri \u010demer se upo\u0161teva javni razpis in pogoji, ki so dolo\u010deni v Pravlniku o priznanjih krajevne skupnosti Zdole. Kandidate za priznanja lahko predlagajo politi\u010dne stranke, podjetja, krajevne skupnosti Zdole, skupine ljudi, klubi, zveze, posamezniki ter druge organizacije in skupnosti. Predlog za krajevno priznanje mora vsebovati: [&hellip;]<\/p>\n","protected":false},"author":1,"featured_media":4576,"comment_status":"closed","ping_status":"closed","sticky":false,"template":"","format":"standard","meta":{"footnotes":""},"categories":[73],"tags":[],"class_list":["post-5505","post","type-post","status-publish","format-standard","has-post-thumbnail","hentry","category-ks-zdole"],"yoast_head":"<!-- This site is optimized with the Yoast SEO plugin v27.5 - https:\/\/yoast.com\/product\/yoast-seo-wordpress\/ -->\n<title>RAZPIS ZA PODELITEV PRIZNANJ KS-ZDOLE OB KRAJEVNEM PRAZNIKU V LETU 2025 - KS - ZDOLE<\/title>\n<meta name=\"robots\" content=\"index, follow, max-snippet:-1, max-image-preview:large, max-video-preview:-1\" \/>\n<link rel=\"canonical\" href=\"https:\/\/ks-zdole.si\/index.php\/2025\/03\/17\/razpis-za-podelitev-priznanj-ks-zdole-ob-krajevnem-prazniku-v-letu-2025\/\" \/>\n<meta property=\"og:locale\" content=\"sl_SI\" \/>\n<meta property=\"og:type\" content=\"article\" \/>\n<meta property=\"og:title\" content=\"RAZPIS ZA PODELITEV PRIZNANJ KS-ZDOLE OB KRAJEVNEM PRAZNIKU V LETU 2025 - KS - ZDOLE\" \/>\n<meta property=\"og:description\" content=\"O podelitvi priznanj KS Zdole odlo\u010da Svet krajevne skupnosti Zdole pri \u010demer se upo\u0161teva javni razpis in pogoji, ki so dolo\u010deni v Pravlniku o priznanjih krajevne skupnosti Zdole. Kandidate za priznanja lahko predlagajo politi\u010dne stranke, podjetja, krajevne skupnosti Zdole, skupine ljudi, klubi, zveze, posamezniki ter druge organizacije in skupnosti. Predlog za krajevno priznanje mora vsebovati: [&hellip;]\" \/>\n<meta property=\"og:url\" content=\"https:\/\/ks-zdole.si\/index.php\/2025\/03\/17\/razpis-za-podelitev-priznanj-ks-zdole-ob-krajevnem-prazniku-v-letu-2025\/\" \/>\n<meta property=\"og:site_name\" content=\"KS - ZDOLE\" \/>\n<meta property=\"article:published_time\" content=\"2025-03-17T15:13:26+00:00\" \/>\n<meta property=\"article:modified_time\" content=\"2025-03-17T20:21:27+00:00\" \/>\n<meta property=\"og:image\" content=\"https:\/\/ks-zdole.si\/wp-content\/uploads\/2024\/04\/zastava.jpg\" \/>\n\t<meta property=\"og:image:width\" content=\"794\" \/>\n\t<meta property=\"og:image:height\" content=\"534\" \/>\n\t<meta property=\"og:image:type\" content=\"image\/jpeg\" \/>\n<meta name=\"author\" content=\"uredni\u0161tvo\" \/>\n<meta name=\"twitter:card\" content=\"summary_large_image\" \/>\n<meta name=\"twitter:label1\" content=\"Written by\" \/>\n\t<meta name=\"twitter:data1\" content=\"uredni\u0161tvo\" \/>\n\t<meta name=\"twitter:label2\" content=\"Est. reading time\" \/>\n\t<meta name=\"twitter:data2\" content=\"2 minuti\" \/>\n<script type=\"application\/ld+json\" class=\"yoast-schema-graph\">{\"@context\":\"https:\\\/\\\/schema.org\",\"@graph\":[{\"@type\":\"Article\",\"@id\":\"https:\\\/\\\/ks-zdole.si\\\/index.php\\\/2025\\\/03\\\/17\\\/razpis-za-podelitev-priznanj-ks-zdole-ob-krajevnem-prazniku-v-letu-2025\\\/#article\",\"isPartOf\":{\"@id\":\"https:\\\/\\\/ks-zdole.si\\\/index.php\\\/2025\\\/03\\\/17\\\/razpis-za-podelitev-priznanj-ks-zdole-ob-krajevnem-prazniku-v-letu-2025\\\/\"},\"author\":{\"name\":\"uredni\u0161tvo\",\"@id\":\"https:\\\/\\\/ks-zdole.si\\\/#\\\/schema\\\/person\\\/59de06a37bd95c4f26ee59fd8c90bedf\"},\"headline\":\"RAZPIS ZA PODELITEV PRIZNANJ KS-ZDOLE OB KRAJEVNEM PRAZNIKU V LETU 2025\",\"datePublished\":\"2025-03-17T15:13:26+00:00\",\"dateModified\":\"2025-03-17T20:21:27+00:00\",\"mainEntityOfPage\":{\"@id\":\"https:\\\/\\\/ks-zdole.si\\\/index.php\\\/2025\\\/03\\\/17\\\/razpis-za-podelitev-priznanj-ks-zdole-ob-krajevnem-prazniku-v-letu-2025\\\/\"},\"wordCount\":224,\"publisher\":{\"@id\":\"https:\\\/\\\/ks-zdole.si\\\/#organization\"},\"image\":{\"@id\":\"https:\\\/\\\/ks-zdole.si\\\/index.php\\\/2025\\\/03\\\/17\\\/razpis-za-podelitev-priznanj-ks-zdole-ob-krajevnem-prazniku-v-letu-2025\\\/#primaryimage\"},\"thumbnailUrl\":\"https:\\\/\\\/ks-zdole.si\\\/wp-content\\\/uploads\\\/2024\\\/04\\\/zastava.jpg\",\"articleSection\":[\"KS-ZDOLE\"],\"inLanguage\":\"sl-SI\"},{\"@type\":\"WebPage\",\"@id\":\"https:\\\/\\\/ks-zdole.si\\\/index.php\\\/2025\\\/03\\\/17\\\/razpis-za-podelitev-priznanj-ks-zdole-ob-krajevnem-prazniku-v-letu-2025\\\/\",\"url\":\"https:\\\/\\\/ks-zdole.si\\\/index.php\\\/2025\\\/03\\\/17\\\/razpis-za-podelitev-priznanj-ks-zdole-ob-krajevnem-prazniku-v-letu-2025\\\/\",\"name\":\"RAZPIS ZA PODELITEV PRIZNANJ KS-ZDOLE OB KRAJEVNEM PRAZNIKU V LETU 2025 - KS - ZDOLE\",\"isPartOf\":{\"@id\":\"https:\\\/\\\/ks-zdole.si\\\/#website\"},\"primaryImageOfPage\":{\"@id\":\"https:\\\/\\\/ks-zdole.si\\\/index.php\\\/2025\\\/03\\\/17\\\/razpis-za-podelitev-priznanj-ks-zdole-ob-krajevnem-prazniku-v-letu-2025\\\/#primaryimage\"},\"image\":{\"@id\":\"https:\\\/\\\/ks-zdole.si\\\/index.php\\\/2025\\\/03\\\/17\\\/razpis-za-podelitev-priznanj-ks-zdole-ob-krajevnem-prazniku-v-letu-2025\\\/#primaryimage\"},\"thumbnailUrl\":\"https:\\\/\\\/ks-zdole.si\\\/wp-content\\\/uploads\\\/2024\\\/04\\\/zastava.jpg\",\"datePublished\":\"2025-03-17T15:13:26+00:00\",\"dateModified\":\"2025-03-17T20:21:27+00:00\",\"breadcrumb\":{\"@id\":\"https:\\\/\\\/ks-zdole.si\\\/index.php\\\/2025\\\/03\\\/17\\\/razpis-za-podelitev-priznanj-ks-zdole-ob-krajevnem-prazniku-v-letu-2025\\\/#breadcrumb\"},\"inLanguage\":\"sl-SI\",\"potentialAction\":[{\"@type\":\"ReadAction\",\"target\":[\"https:\\\/\\\/ks-zdole.si\\\/index.php\\\/2025\\\/03\\\/17\\\/razpis-za-podelitev-priznanj-ks-zdole-ob-krajevnem-prazniku-v-letu-2025\\\/\"]}]},{\"@type\":\"ImageObject\",\"inLanguage\":\"sl-SI\",\"@id\":\"https:\\\/\\\/ks-zdole.si\\\/index.php\\\/2025\\\/03\\\/17\\\/razpis-za-podelitev-priznanj-ks-zdole-ob-krajevnem-prazniku-v-letu-2025\\\/#primaryimage\",\"url\":\"https:\\\/\\\/ks-zdole.si\\\/wp-content\\\/uploads\\\/2024\\\/04\\\/zastava.jpg\",\"contentUrl\":\"https:\\\/\\\/ks-zdole.si\\\/wp-content\\\/uploads\\\/2024\\\/04\\\/zastava.jpg\",\"width\":794,\"height\":534},{\"@type\":\"BreadcrumbList\",\"@id\":\"https:\\\/\\\/ks-zdole.si\\\/index.php\\\/2025\\\/03\\\/17\\\/razpis-za-podelitev-priznanj-ks-zdole-ob-krajevnem-prazniku-v-letu-2025\\\/#breadcrumb\",\"itemListElement\":[{\"@type\":\"ListItem\",\"position\":1,\"name\":\"Home\",\"item\":\"https:\\\/\\\/ks-zdole.si\\\/\"},{\"@type\":\"ListItem\",\"position\":2,\"name\":\"RAZPIS ZA PODELITEV PRIZNANJ KS-ZDOLE OB KRAJEVNEM PRAZNIKU V LETU 2025\"}]},{\"@type\":\"WebSite\",\"@id\":\"https:\\\/\\\/ks-zdole.si\\\/#website\",\"url\":\"https:\\\/\\\/ks-zdole.si\\\/\",\"name\":\"KS - ZDOLE\",\"description\":\"Zdole, lu\u010d sveta!\",\"publisher\":{\"@id\":\"https:\\\/\\\/ks-zdole.si\\\/#organization\"},\"potentialAction\":[{\"@type\":\"SearchAction\",\"target\":{\"@type\":\"EntryPoint\",\"urlTemplate\":\"https:\\\/\\\/ks-zdole.si\\\/?s={search_term_string}\"},\"query-input\":{\"@type\":\"PropertyValueSpecification\",\"valueRequired\":true,\"valueName\":\"search_term_string\"}}],\"inLanguage\":\"sl-SI\"},{\"@type\":\"Organization\",\"@id\":\"https:\\\/\\\/ks-zdole.si\\\/#organization\",\"name\":\"KS - ZDOLE\",\"url\":\"https:\\\/\\\/ks-zdole.si\\\/\",\"logo\":{\"@type\":\"ImageObject\",\"inLanguage\":\"sl-SI\",\"@id\":\"https:\\\/\\\/ks-zdole.si\\\/#\\\/schema\\\/logo\\\/image\\\/\",\"url\":\"https:\\\/\\\/ks-zdole.si\\\/wp-content\\\/uploads\\\/2024\\\/04\\\/grb_zdole_150.png\",\"contentUrl\":\"https:\\\/\\\/ks-zdole.si\\\/wp-content\\\/uploads\\\/2024\\\/04\\\/grb_zdole_150.png\",\"width\":150,\"height\":184,\"caption\":\"KS - ZDOLE\"},\"image\":{\"@id\":\"https:\\\/\\\/ks-zdole.si\\\/#\\\/schema\\\/logo\\\/image\\\/\"}},{\"@type\":\"Person\",\"@id\":\"https:\\\/\\\/ks-zdole.si\\\/#\\\/schema\\\/person\\\/59de06a37bd95c4f26ee59fd8c90bedf\",\"name\":\"uredni\u0161tvo\",\"image\":{\"@type\":\"ImageObject\",\"inLanguage\":\"sl-SI\",\"@id\":\"https:\\\/\\\/secure.gravatar.com\\\/avatar\\\/34f926b89ca0c9163cd89973540074cb6333d29c68eac5122c3bcd6d78edfeff?s=96&d=mm&r=g\",\"url\":\"https:\\\/\\\/secure.gravatar.com\\\/avatar\\\/34f926b89ca0c9163cd89973540074cb6333d29c68eac5122c3bcd6d78edfeff?s=96&d=mm&r=g\",\"contentUrl\":\"https:\\\/\\\/secure.gravatar.com\\\/avatar\\\/34f926b89ca0c9163cd89973540074cb6333d29c68eac5122c3bcd6d78edfeff?s=96&d=mm&r=g\",\"caption\":\"uredni\u0161tvo\"},\"sameAs\":[\"http:\\\/\\\/ks-zdole.si\"],\"url\":\"https:\\\/\\\/ks-zdole.si\\\/index.php\\\/author\\\/stanislav\\\/\"}]}<\/script>\n<!-- \/ Yoast SEO plugin. -->","yoast_head_json":{"title":"RAZPIS ZA PODELITEV PRIZNANJ KS-ZDOLE OB KRAJEVNEM PRAZNIKU V LETU 2025 - KS - ZDOLE","robots":{"index":"index","follow":"follow","max-snippet":"max-snippet:-1","max-image-preview":"max-image-preview:large","max-video-preview":"max-video-preview:-1"},"canonical":"https:\/\/ks-zdole.si\/index.php\/2025\/03\/17\/razpis-za-podelitev-priznanj-ks-zdole-ob-krajevnem-prazniku-v-letu-2025\/","og_locale":"sl_SI","og_type":"article","og_title":"RAZPIS ZA PODELITEV PRIZNANJ KS-ZDOLE OB KRAJEVNEM PRAZNIKU V LETU 2025 - KS - ZDOLE","og_description":"O podelitvi priznanj KS Zdole odlo\u010da Svet krajevne skupnosti Zdole pri \u010demer se upo\u0161teva javni razpis in pogoji, ki so dolo\u010deni v Pravlniku o priznanjih krajevne skupnosti Zdole. Kandidate za priznanja lahko predlagajo politi\u010dne stranke, podjetja, krajevne skupnosti Zdole, skupine ljudi, klubi, zveze, posamezniki ter druge organizacije in skupnosti. Predlog za krajevno priznanje mora vsebovati: [&hellip;]","og_url":"https:\/\/ks-zdole.si\/index.php\/2025\/03\/17\/razpis-za-podelitev-priznanj-ks-zdole-ob-krajevnem-prazniku-v-letu-2025\/","og_site_name":"KS - ZDOLE","article_published_time":"2025-03-17T15:13:26+00:00","article_modified_time":"2025-03-17T20:21:27+00:00","og_image":[{"width":794,"height":534,"url":"https:\/\/ks-zdole.si\/wp-content\/uploads\/2024\/04\/zastava.jpg","type":"image\/jpeg"}],"author":"uredni\u0161tvo","twitter_card":"summary_large_image","twitter_misc":{"Written by":"uredni\u0161tvo","Est. reading time":"2 minuti"},"schema":{"@context":"https:\/\/schema.org","@graph":[{"@type":"Article","@id":"https:\/\/ks-zdole.si\/index.php\/2025\/03\/17\/razpis-za-podelitev-priznanj-ks-zdole-ob-krajevnem-prazniku-v-letu-2025\/#article","isPartOf":{"@id":"https:\/\/ks-zdole.si\/index.php\/2025\/03\/17\/razpis-za-podelitev-priznanj-ks-zdole-ob-krajevnem-prazniku-v-letu-2025\/"},"author":{"name":"uredni\u0161tvo","@id":"https:\/\/ks-zdole.si\/#\/schema\/person\/59de06a37bd95c4f26ee59fd8c90bedf"},"headline":"RAZPIS ZA PODELITEV PRIZNANJ KS-ZDOLE OB KRAJEVNEM PRAZNIKU V LETU 2025","datePublished":"2025-03-17T15:13:26+00:00","dateModified":"2025-03-17T20:21:27+00:00","mainEntityOfPage":{"@id":"https:\/\/ks-zdole.si\/index.php\/2025\/03\/17\/razpis-za-podelitev-priznanj-ks-zdole-ob-krajevnem-prazniku-v-letu-2025\/"},"wordCount":224,"publisher":{"@id":"https:\/\/ks-zdole.si\/#organization"},"image":{"@id":"https:\/\/ks-zdole.si\/index.php\/2025\/03\/17\/razpis-za-podelitev-priznanj-ks-zdole-ob-krajevnem-prazniku-v-letu-2025\/#primaryimage"},"thumbnailUrl":"https:\/\/ks-zdole.si\/wp-content\/uploads\/2024\/04\/zastava.jpg","articleSection":["KS-ZDOLE"],"inLanguage":"sl-SI"},{"@type":"WebPage","@id":"https:\/\/ks-zdole.si\/index.php\/2025\/03\/17\/razpis-za-podelitev-priznanj-ks-zdole-ob-krajevnem-prazniku-v-letu-2025\/","url":"https:\/\/ks-zdole.si\/index.php\/2025\/03\/17\/razpis-za-podelitev-priznanj-ks-zdole-ob-krajevnem-prazniku-v-letu-2025\/","name":"RAZPIS ZA PODELITEV PRIZNANJ KS-ZDOLE OB KRAJEVNEM PRAZNIKU V LETU 2025 - KS - ZDOLE","isPartOf":{"@id":"https:\/\/ks-zdole.si\/#website"},"primaryImageOfPage":{"@id":"https:\/\/ks-zdole.si\/index.php\/2025\/03\/17\/razpis-za-podelitev-priznanj-ks-zdole-ob-krajevnem-prazniku-v-letu-2025\/#primaryimage"},"image":{"@id":"https:\/\/ks-zdole.si\/index.php\/2025\/03\/17\/razpis-za-podelitev-priznanj-ks-zdole-ob-krajevnem-prazniku-v-letu-2025\/#primaryimage"},"thumbnailUrl":"https:\/\/ks-zdole.si\/wp-content\/uploads\/2024\/04\/zastava.jpg","datePublished":"2025-03-17T15:13:26+00:00","dateModified":"2025-03-17T20:21:27+00:00","breadcrumb":{"@id":"https:\/\/ks-zdole.si\/index.php\/2025\/03\/17\/razpis-za-podelitev-priznanj-ks-zdole-ob-krajevnem-prazniku-v-letu-2025\/#breadcrumb"},"inLanguage":"sl-SI","potentialAction":[{"@type":"ReadAction","target":["https:\/\/ks-zdole.si\/index.php\/2025\/03\/17\/razpis-za-podelitev-priznanj-ks-zdole-ob-krajevnem-prazniku-v-letu-2025\/"]}]},{"@type":"ImageObject","inLanguage":"sl-SI","@id":"https:\/\/ks-zdole.si\/index.php\/2025\/03\/17\/razpis-za-podelitev-priznanj-ks-zdole-ob-krajevnem-prazniku-v-letu-2025\/#primaryimage","url":"https:\/\/ks-zdole.si\/wp-content\/uploads\/2024\/04\/zastava.jpg","contentUrl":"https:\/\/ks-zdole.si\/wp-content\/uploads\/2024\/04\/zastava.jpg","width":794,"height":534},{"@type":"BreadcrumbList","@id":"https:\/\/ks-zdole.si\/index.php\/2025\/03\/17\/razpis-za-podelitev-priznanj-ks-zdole-ob-krajevnem-prazniku-v-letu-2025\/#breadcrumb","itemListElement":[{"@type":"ListItem","position":1,"name":"Home","item":"https:\/\/ks-zdole.si\/"},{"@type":"ListItem","position":2,"name":"RAZPIS ZA PODELITEV PRIZNANJ KS-ZDOLE OB KRAJEVNEM PRAZNIKU V LETU 2025"}]},{"@type":"WebSite","@id":"https:\/\/ks-zdole.si\/#website","url":"https:\/\/ks-zdole.si\/","name":"KS - ZDOLE","description":"Zdole, lu\u010d sveta!","publisher":{"@id":"https:\/\/ks-zdole.si\/#organization"},"potentialAction":[{"@type":"SearchAction","target":{"@type":"EntryPoint","urlTemplate":"https:\/\/ks-zdole.si\/?s={search_term_string}"},"query-input":{"@type":"PropertyValueSpecification","valueRequired":true,"valueName":"search_term_string"}}],"inLanguage":"sl-SI"},{"@type":"Organization","@id":"https:\/\/ks-zdole.si\/#organization","name":"KS - ZDOLE","url":"https:\/\/ks-zdole.si\/","logo":{"@type":"ImageObject","inLanguage":"sl-SI","@id":"https:\/\/ks-zdole.si\/#\/schema\/logo\/image\/","url":"https:\/\/ks-zdole.si\/wp-content\/uploads\/2024\/04\/grb_zdole_150.png","contentUrl":"https:\/\/ks-zdole.si\/wp-content\/uploads\/2024\/04\/grb_zdole_150.png","width":150,"height":184,"caption":"KS - ZDOLE"},"image":{"@id":"https:\/\/ks-zdole.si\/#\/schema\/logo\/image\/"}},{"@type":"Person","@id":"https:\/\/ks-zdole.si\/#\/schema\/person\/59de06a37bd95c4f26ee59fd8c90bedf","name":"uredni\u0161tvo","image":{"@type":"ImageObject","inLanguage":"sl-SI","@id":"https:\/\/secure.gravatar.com\/avatar\/34f926b89ca0c9163cd89973540074cb6333d29c68eac5122c3bcd6d78edfeff?s=96&d=mm&r=g","url":"https:\/\/secure.gravatar.com\/avatar\/34f926b89ca0c9163cd89973540074cb6333d29c68eac5122c3bcd6d78edfeff?s=96&d=mm&r=g","contentUrl":"https:\/\/secure.gravatar.com\/avatar\/34f926b89ca0c9163cd89973540074cb6333d29c68eac5122c3bcd6d78edfeff?s=96&d=mm&r=g","caption":"uredni\u0161tvo"},"sameAs":["http:\/\/ks-zdole.si"],"url":"https:\/\/ks-zdole.si\/index.php\/author\/stanislav\/"}]}},"_links":{"self":[{"href":"https:\/\/ks-zdole.si\/index.php\/wp-json\/wp\/v2\/posts\/5505","targetHints":{"allow":["GET"]}}],"collection":[{"href":"https:\/\/ks-zdole.si\/index.php\/wp-json\/wp\/v2\/posts"}],"about":[{"href":"https:\/\/ks-zdole.si\/index.php\/wp-json\/wp\/v2\/types\/post"}],"author":[{"embeddable":true,"href":"https:\/\/ks-zdole.si\/index.php\/wp-json\/wp\/v2\/users\/1"}],"replies":[{"embeddable":true,"href":"https:\/\/ks-zdole.si\/index.php\/wp-json\/wp\/v2\/comments?post=5505"}],"version-history":[{"count":1,"href":"https:\/\/ks-zdole.si\/index.php\/wp-json\/wp\/v2\/posts\/5505\/revisions"}],"predecessor-version":[{"id":5506,"href":"https:\/\/ks-zdole.si\/index.php\/wp-json\/wp\/v2\/posts\/5505\/revisions\/5506"}],"wp:featuredmedia":[{"embeddable":true,"href":"https:\/\/ks-zdole.si\/index.php\/wp-json\/wp\/v2\/media\/4576"}],"wp:attachment":[{"href":"https:\/\/ks-zdole.si\/index.php\/wp-json\/wp\/v2\/media?parent=5505"}],"wp:term":[{"taxonomy":"category","embeddable":true,"href":"https:\/\/ks-zdole.si\/index.php\/wp-json\/wp\/v2\/categories?post=5505"},{"taxonomy":"post_tag","embeddable":true,"href":"https:\/\/ks-zdole.si\/index.php\/wp-json\/wp\/v2\/tags?post=5505"}],"curies":[{"name":"wp","href":"https:\/\/api.w.org\/{rel}","templated":true}]}}