
{"id":5437,"date":"2025-03-10T17:28:58","date_gmt":"2025-03-10T16:28:58","guid":{"rendered":"https:\/\/ks-zdole.si\/?p=5437"},"modified":"2025-03-10T17:45:09","modified_gmt":"2025-03-10T16:45:09","slug":"jubilejni-obcni-zbor-thd-zdole","status":"publish","type":"post","link":"https:\/\/ks-zdole.si\/index.php\/2025\/03\/10\/jubilejni-obcni-zbor-thd-zdole\/","title":{"rendered":"Jubilejni ob\u010dni zbor THD Zdole"},"content":{"rendered":"\n<p>V soboto, 8. marca 2025, je v Domu krajanov Zdole potekal jubilejni 30. ob\u010dni zbor Turisti\u010dnega hortikulturnega dru\u0161tva Zdole, ki je zdru\u017eil \u0161tevilne \u010dlane dru\u0161tva, predstavnike lokalnih dru\u0161tev in predstavnike turisti\u010dnih organizacij. Ob tej prilo\u017enosti smo se skupaj ozrli na bogato prehojeno pot dru\u0161tva ter za\u010drtali smernice za prihodnost.<\/p>\n\n\n\n<p>Slovesnost je s toplim nagovorom odprla predsednica dru\u0161tva Romana \u017dnider\u0161i\u010d, ki je&nbsp;&nbsp;izrekla prisr\u010dno dobrodo\u0161lico vsem prisotnim in poudarila pomen delovanja dru\u0161tva. Poudarila je, da je bilo minulo leto polno izzivov, pa tudi \u0161tevilnih dose\u017ekov, na katere smo lahko ponosni. S skupnimi mo\u010dmi in v slogi smo organizirali razne dogodke, skrbeli za lep\u0161i videz na\u0161ega kraja in tako prispevali k promociji turizma kot tudi kulturne in naravne dedi\u0161\u010dine. \u010clanom se je zahvalila, saj s svojo prisotnostjo in sodelovanjem vestno prispevajo k razvoju in uspe\u0161nej\u0161emu delovanju na\u0161e skupnosti. \u010castitljivi pozdrav je namenila predsednici regijske TZ Posavje in \u010dlanici UO TZ Slovenije Mileni Vraneti\u010d, predsedniku OTZ Kr\u0161ko Toniju Petrovi\u010du, predstavniku Mestne ob\u010dine Kr\u0161ko Dejanu \u017dnider\u0161i\u010du, predstavniku KS Zdole Janku Omerzuju ter predstavnikom ostalih dru\u0161tev iz doma\u010dega kraja.<\/p>\n\n\n\n<p>Po izvolitvi delovnega predsedstva, verifikacijske komisije in zapisni\u010darke je predsednik delovnega predsedstva besedo predal pod\u017eupanu MO Kr\u0161ko, ki je zbrane nagovoril in v nagovoru posebej izrazil podporo delovanju dru\u0161tva.<\/p>\n\n\n\n<p>Dnevni red so otvorili s&nbsp;poro\u010dilom dela v preteklem koledarskem letu. Predsednica Romana \u017dnider\u0161i\u010d je ob&nbsp;video-projekciji prikazala bogato dru\u0161tveno dejavnost v letu 2024, ki se je raztezala skozi vse letne \u010dase. Med klju\u010dnimi dogodki so bile obele\u017eitve kulturnih praznikov v sodelovanju z MePZ Lastovke, tradicionalni pohodi, praznovanja, \u010distilne akcije, zasaditev jubilejne lipe ter \u0161tevilne delavnice in izobra\u017eevanja. Dru\u0161tvo si prizadeva za urejenost kraja, zato so tudi lani izvajali ko\u0161nje, postavljali informacijske table in obnovili va\u0161ko jedro. Velik poudarek so namenili pripravam na jubilej, kar je vklju\u010devalo obnovo biltena, promocijskega materiala ter izdelavo foto-knjige. Sledila so poro\u010dila blagajnika in nadzornega odbora, nato pa so izpeljali nadomestne volitve \u010dlana upravnega odbora.&nbsp;<\/p>\n\n\n\n<p>V nadaljevanju so bila podeljena priznanja za lepo urejeno okolico. Komisija, ki ji je predsedovala&nbsp;Danica \u017dnider\u0161i\u010d, je nagradila skrbno urejene domove in okolice. Priznanja so prejeli Nejka in Bojan Ro\u017eman z Zdol, Simona in Mitja Omerzel&nbsp; iz Kostanjka, Mihaela in Anton Omerzel iz Raven pri Zdolah ter Jo\u017eica Ban in Jo\u017ee Siko\u0161ek iz Anovca.&nbsp;<\/p>\n\n\n\n<p>Sledil je pozdravni nagovor predsednice regijske TZ Posavje in predsednika OTZ Kr\u0161ko, ki sta nato&nbsp;podelila znake in priznanja Turisti\u010dne zveze Slovenije za dolgoletno aktivno delo v dru\u0161tvu. Bronasti znak&nbsp;so prejeli Jurij \u0160tefan\u010di\u010d, Bernardka Germov\u0161ek, Matja\u017e \u017dnider\u0161i\u010d in Romana \u017dnider\u0161i\u010d, srebrnega Betka Jel\u010di\u010d, Alenka Krajnc, Toni Knez, Slavko \u010cerneli\u010d in Marjanca Golob, zlatega Marjan Gri\u010dar. Posebno priznanje za izjemne zasluge pa je prejela na\u0161a ena in edina&nbsp;Marica \u017divi\u010d.<\/p>\n\n\n\n<p>Zbrane sta ob zaklju\u010dku ob\u010dnega zbora nagovorila \u0161e predstavnik KS Zdole, Janko Omerzu, in prvi predsednik THD Zdole, Darko Topolov\u0161ek.&nbsp;<\/p>\n\n\n\n<p>Po uradnem delu smo se prisotni prepustili prijetnemu dru\u017eenju ob kulinari\u010dnih dobrotah mojstra Tadeja \u010cernoge in glasbenim napevom&nbsp;ansambla Plamenci. Vrhunec slavnostnega dogodka je bil razrez jubilejne torte, s katero smo simboli\u010dno zaokro\u017eili tri desetletja predanega delovanja na\u0161ega dru\u0161tva.<\/p>\n\n\n\n<p>Ponosni smo, da gradimo osr\u010dje krajevnega dogajanja, ki z bogato tradicijo in zanosom svojih \u010dlanov pomembno prispeva k lep\u0161i in bolj povezani skupnosti.<\/p>\n\n\n","protected":false},"excerpt":{"rendered":"<p>V soboto, 8. marca 2025, je v Domu krajanov Zdole potekal jubilejni 30. ob\u010dni zbor Turisti\u010dnega hortikulturnega dru\u0161tva Zdole, ki je zdru\u017eil \u0161tevilne \u010dlane dru\u0161tva, predstavnike lokalnih dru\u0161tev in predstavnike turisti\u010dnih organizacij. Ob tej prilo\u017enosti smo se skupaj ozrli na bogato prehojeno pot dru\u0161tva ter za\u010drtali smernice za prihodnost. Slovesnost je s toplim nagovorom odprla [&hellip;]<\/p>\n","protected":false},"author":4,"featured_media":5463,"comment_status":"closed","ping_status":"closed","sticky":false,"template":"","format":"standard","meta":{"footnotes":""},"categories":[49,23],"tags":[],"class_list":["post-5437","post","type-post","status-publish","format-standard","has-post-thumbnail","hentry","category-drustva","category-turisticno-hortikulturno-drustvo-zdole"],"yoast_head":"<!-- This site is optimized with the Yoast SEO plugin v27.5 - https:\/\/yoast.com\/product\/yoast-seo-wordpress\/ -->\n<title>Jubilejni ob\u010dni zbor THD Zdole - KS - ZDOLE<\/title>\n<meta name=\"robots\" content=\"index, follow, max-snippet:-1, max-image-preview:large, max-video-preview:-1\" \/>\n<link rel=\"canonical\" href=\"https:\/\/ks-zdole.si\/index.php\/2025\/03\/10\/jubilejni-obcni-zbor-thd-zdole\/\" \/>\n<meta property=\"og:locale\" content=\"sl_SI\" \/>\n<meta property=\"og:type\" content=\"article\" \/>\n<meta property=\"og:title\" content=\"Jubilejni ob\u010dni zbor THD Zdole - KS - ZDOLE\" \/>\n<meta property=\"og:description\" content=\"V soboto, 8. marca 2025, je v Domu krajanov Zdole potekal jubilejni 30. ob\u010dni zbor Turisti\u010dnega hortikulturnega dru\u0161tva Zdole, ki je zdru\u017eil \u0161tevilne \u010dlane dru\u0161tva, predstavnike lokalnih dru\u0161tev in predstavnike turisti\u010dnih organizacij. Ob tej prilo\u017enosti smo se skupaj ozrli na bogato prehojeno pot dru\u0161tva ter za\u010drtali smernice za prihodnost. Slovesnost je s toplim nagovorom odprla [&hellip;]\" \/>\n<meta property=\"og:url\" content=\"https:\/\/ks-zdole.si\/index.php\/2025\/03\/10\/jubilejni-obcni-zbor-thd-zdole\/\" \/>\n<meta property=\"og:site_name\" content=\"KS - ZDOLE\" \/>\n<meta property=\"article:published_time\" content=\"2025-03-10T16:28:58+00:00\" \/>\n<meta property=\"article:modified_time\" content=\"2025-03-10T16:45:09+00:00\" \/>\n<meta property=\"og:image\" content=\"https:\/\/ks-zdole.si\/wp-content\/uploads\/2025\/03\/IMG-36c39c66cdf55c7c299a70a7bdd77491-V.jpg\" \/>\n\t<meta property=\"og:image:width\" content=\"1600\" \/>\n\t<meta property=\"og:image:height\" content=\"1200\" \/>\n\t<meta property=\"og:image:type\" content=\"image\/jpeg\" \/>\n<meta name=\"author\" content=\"Romana \u017dnider\u0161i\u010d\" \/>\n<meta name=\"twitter:card\" content=\"summary_large_image\" \/>\n<meta name=\"twitter:label1\" content=\"Written by\" \/>\n\t<meta name=\"twitter:data1\" content=\"Romana \u017dnider\u0161i\u010d\" \/>\n\t<meta name=\"twitter:label2\" content=\"Est. reading time\" \/>\n\t<meta name=\"twitter:data2\" content=\"4 minute\" \/>\n<script type=\"application\/ld+json\" class=\"yoast-schema-graph\">{\"@context\":\"https:\\\/\\\/schema.org\",\"@graph\":[{\"@type\":\"Article\",\"@id\":\"https:\\\/\\\/ks-zdole.si\\\/index.php\\\/2025\\\/03\\\/10\\\/jubilejni-obcni-zbor-thd-zdole\\\/#article\",\"isPartOf\":{\"@id\":\"https:\\\/\\\/ks-zdole.si\\\/index.php\\\/2025\\\/03\\\/10\\\/jubilejni-obcni-zbor-thd-zdole\\\/\"},\"author\":{\"name\":\"Romana \u017dnider\u0161i\u010d\",\"@id\":\"https:\\\/\\\/ks-zdole.si\\\/#\\\/schema\\\/person\\\/46c69c76471568cea99ec633d71742ef\"},\"headline\":\"Jubilejni ob\u010dni zbor THD Zdole\",\"datePublished\":\"2025-03-10T16:28:58+00:00\",\"dateModified\":\"2025-03-10T16:45:09+00:00\",\"mainEntityOfPage\":{\"@id\":\"https:\\\/\\\/ks-zdole.si\\\/index.php\\\/2025\\\/03\\\/10\\\/jubilejni-obcni-zbor-thd-zdole\\\/\"},\"wordCount\":607,\"publisher\":{\"@id\":\"https:\\\/\\\/ks-zdole.si\\\/#organization\"},\"image\":{\"@id\":\"https:\\\/\\\/ks-zdole.si\\\/index.php\\\/2025\\\/03\\\/10\\\/jubilejni-obcni-zbor-thd-zdole\\\/#primaryimage\"},\"thumbnailUrl\":\"https:\\\/\\\/ks-zdole.si\\\/wp-content\\\/uploads\\\/2025\\\/03\\\/IMG-36c39c66cdf55c7c299a70a7bdd77491-V.jpg\",\"articleSection\":[\"DRU\u0160TVA\",\"THD ZDOLE\"],\"inLanguage\":\"sl-SI\"},{\"@type\":\"WebPage\",\"@id\":\"https:\\\/\\\/ks-zdole.si\\\/index.php\\\/2025\\\/03\\\/10\\\/jubilejni-obcni-zbor-thd-zdole\\\/\",\"url\":\"https:\\\/\\\/ks-zdole.si\\\/index.php\\\/2025\\\/03\\\/10\\\/jubilejni-obcni-zbor-thd-zdole\\\/\",\"name\":\"Jubilejni ob\u010dni zbor THD Zdole - KS - ZDOLE\",\"isPartOf\":{\"@id\":\"https:\\\/\\\/ks-zdole.si\\\/#website\"},\"primaryImageOfPage\":{\"@id\":\"https:\\\/\\\/ks-zdole.si\\\/index.php\\\/2025\\\/03\\\/10\\\/jubilejni-obcni-zbor-thd-zdole\\\/#primaryimage\"},\"image\":{\"@id\":\"https:\\\/\\\/ks-zdole.si\\\/index.php\\\/2025\\\/03\\\/10\\\/jubilejni-obcni-zbor-thd-zdole\\\/#primaryimage\"},\"thumbnailUrl\":\"https:\\\/\\\/ks-zdole.si\\\/wp-content\\\/uploads\\\/2025\\\/03\\\/IMG-36c39c66cdf55c7c299a70a7bdd77491-V.jpg\",\"datePublished\":\"2025-03-10T16:28:58+00:00\",\"dateModified\":\"2025-03-10T16:45:09+00:00\",\"breadcrumb\":{\"@id\":\"https:\\\/\\\/ks-zdole.si\\\/index.php\\\/2025\\\/03\\\/10\\\/jubilejni-obcni-zbor-thd-zdole\\\/#breadcrumb\"},\"inLanguage\":\"sl-SI\",\"potentialAction\":[{\"@type\":\"ReadAction\",\"target\":[\"https:\\\/\\\/ks-zdole.si\\\/index.php\\\/2025\\\/03\\\/10\\\/jubilejni-obcni-zbor-thd-zdole\\\/\"]}]},{\"@type\":\"ImageObject\",\"inLanguage\":\"sl-SI\",\"@id\":\"https:\\\/\\\/ks-zdole.si\\\/index.php\\\/2025\\\/03\\\/10\\\/jubilejni-obcni-zbor-thd-zdole\\\/#primaryimage\",\"url\":\"https:\\\/\\\/ks-zdole.si\\\/wp-content\\\/uploads\\\/2025\\\/03\\\/IMG-36c39c66cdf55c7c299a70a7bdd77491-V.jpg\",\"contentUrl\":\"https:\\\/\\\/ks-zdole.si\\\/wp-content\\\/uploads\\\/2025\\\/03\\\/IMG-36c39c66cdf55c7c299a70a7bdd77491-V.jpg\",\"width\":1600,\"height\":1200},{\"@type\":\"BreadcrumbList\",\"@id\":\"https:\\\/\\\/ks-zdole.si\\\/index.php\\\/2025\\\/03\\\/10\\\/jubilejni-obcni-zbor-thd-zdole\\\/#breadcrumb\",\"itemListElement\":[{\"@type\":\"ListItem\",\"position\":1,\"name\":\"Home\",\"item\":\"https:\\\/\\\/ks-zdole.si\\\/\"},{\"@type\":\"ListItem\",\"position\":2,\"name\":\"Jubilejni ob\u010dni zbor THD Zdole\"}]},{\"@type\":\"WebSite\",\"@id\":\"https:\\\/\\\/ks-zdole.si\\\/#website\",\"url\":\"https:\\\/\\\/ks-zdole.si\\\/\",\"name\":\"KS - ZDOLE\",\"description\":\"Zdole, lu\u010d sveta!\",\"publisher\":{\"@id\":\"https:\\\/\\\/ks-zdole.si\\\/#organization\"},\"potentialAction\":[{\"@type\":\"SearchAction\",\"target\":{\"@type\":\"EntryPoint\",\"urlTemplate\":\"https:\\\/\\\/ks-zdole.si\\\/?s={search_term_string}\"},\"query-input\":{\"@type\":\"PropertyValueSpecification\",\"valueRequired\":true,\"valueName\":\"search_term_string\"}}],\"inLanguage\":\"sl-SI\"},{\"@type\":\"Organization\",\"@id\":\"https:\\\/\\\/ks-zdole.si\\\/#organization\",\"name\":\"KS - ZDOLE\",\"url\":\"https:\\\/\\\/ks-zdole.si\\\/\",\"logo\":{\"@type\":\"ImageObject\",\"inLanguage\":\"sl-SI\",\"@id\":\"https:\\\/\\\/ks-zdole.si\\\/#\\\/schema\\\/logo\\\/image\\\/\",\"url\":\"https:\\\/\\\/ks-zdole.si\\\/wp-content\\\/uploads\\\/2024\\\/04\\\/grb_zdole_150.png\",\"contentUrl\":\"https:\\\/\\\/ks-zdole.si\\\/wp-content\\\/uploads\\\/2024\\\/04\\\/grb_zdole_150.png\",\"width\":150,\"height\":184,\"caption\":\"KS - ZDOLE\"},\"image\":{\"@id\":\"https:\\\/\\\/ks-zdole.si\\\/#\\\/schema\\\/logo\\\/image\\\/\"}},{\"@type\":\"Person\",\"@id\":\"https:\\\/\\\/ks-zdole.si\\\/#\\\/schema\\\/person\\\/46c69c76471568cea99ec633d71742ef\",\"name\":\"Romana \u017dnider\u0161i\u010d\",\"image\":{\"@type\":\"ImageObject\",\"inLanguage\":\"sl-SI\",\"@id\":\"https:\\\/\\\/secure.gravatar.com\\\/avatar\\\/95307d5b8ac88678eb92412a174e6484fa4708824308f5c98163d5cdb331a18a?s=96&d=mm&r=g\",\"url\":\"https:\\\/\\\/secure.gravatar.com\\\/avatar\\\/95307d5b8ac88678eb92412a174e6484fa4708824308f5c98163d5cdb331a18a?s=96&d=mm&r=g\",\"contentUrl\":\"https:\\\/\\\/secure.gravatar.com\\\/avatar\\\/95307d5b8ac88678eb92412a174e6484fa4708824308f5c98163d5cdb331a18a?s=96&d=mm&r=g\",\"caption\":\"Romana \u017dnider\u0161i\u010d\"},\"url\":\"https:\\\/\\\/ks-zdole.si\\\/index.php\\\/author\\\/romana\\\/\"}]}<\/script>\n<!-- \/ Yoast SEO plugin. -->","yoast_head_json":{"title":"Jubilejni ob\u010dni zbor THD Zdole - KS - ZDOLE","robots":{"index":"index","follow":"follow","max-snippet":"max-snippet:-1","max-image-preview":"max-image-preview:large","max-video-preview":"max-video-preview:-1"},"canonical":"https:\/\/ks-zdole.si\/index.php\/2025\/03\/10\/jubilejni-obcni-zbor-thd-zdole\/","og_locale":"sl_SI","og_type":"article","og_title":"Jubilejni ob\u010dni zbor THD Zdole - KS - ZDOLE","og_description":"V soboto, 8. marca 2025, je v Domu krajanov Zdole potekal jubilejni 30. ob\u010dni zbor Turisti\u010dnega hortikulturnega dru\u0161tva Zdole, ki je zdru\u017eil \u0161tevilne \u010dlane dru\u0161tva, predstavnike lokalnih dru\u0161tev in predstavnike turisti\u010dnih organizacij. Ob tej prilo\u017enosti smo se skupaj ozrli na bogato prehojeno pot dru\u0161tva ter za\u010drtali smernice za prihodnost. Slovesnost je s toplim nagovorom odprla [&hellip;]","og_url":"https:\/\/ks-zdole.si\/index.php\/2025\/03\/10\/jubilejni-obcni-zbor-thd-zdole\/","og_site_name":"KS - ZDOLE","article_published_time":"2025-03-10T16:28:58+00:00","article_modified_time":"2025-03-10T16:45:09+00:00","og_image":[{"width":1600,"height":1200,"url":"https:\/\/ks-zdole.si\/wp-content\/uploads\/2025\/03\/IMG-36c39c66cdf55c7c299a70a7bdd77491-V.jpg","type":"image\/jpeg"}],"author":"Romana \u017dnider\u0161i\u010d","twitter_card":"summary_large_image","twitter_misc":{"Written by":"Romana \u017dnider\u0161i\u010d","Est. reading time":"4 minute"},"schema":{"@context":"https:\/\/schema.org","@graph":[{"@type":"Article","@id":"https:\/\/ks-zdole.si\/index.php\/2025\/03\/10\/jubilejni-obcni-zbor-thd-zdole\/#article","isPartOf":{"@id":"https:\/\/ks-zdole.si\/index.php\/2025\/03\/10\/jubilejni-obcni-zbor-thd-zdole\/"},"author":{"name":"Romana \u017dnider\u0161i\u010d","@id":"https:\/\/ks-zdole.si\/#\/schema\/person\/46c69c76471568cea99ec633d71742ef"},"headline":"Jubilejni ob\u010dni zbor THD Zdole","datePublished":"2025-03-10T16:28:58+00:00","dateModified":"2025-03-10T16:45:09+00:00","mainEntityOfPage":{"@id":"https:\/\/ks-zdole.si\/index.php\/2025\/03\/10\/jubilejni-obcni-zbor-thd-zdole\/"},"wordCount":607,"publisher":{"@id":"https:\/\/ks-zdole.si\/#organization"},"image":{"@id":"https:\/\/ks-zdole.si\/index.php\/2025\/03\/10\/jubilejni-obcni-zbor-thd-zdole\/#primaryimage"},"thumbnailUrl":"https:\/\/ks-zdole.si\/wp-content\/uploads\/2025\/03\/IMG-36c39c66cdf55c7c299a70a7bdd77491-V.jpg","articleSection":["DRU\u0160TVA","THD ZDOLE"],"inLanguage":"sl-SI"},{"@type":"WebPage","@id":"https:\/\/ks-zdole.si\/index.php\/2025\/03\/10\/jubilejni-obcni-zbor-thd-zdole\/","url":"https:\/\/ks-zdole.si\/index.php\/2025\/03\/10\/jubilejni-obcni-zbor-thd-zdole\/","name":"Jubilejni ob\u010dni zbor THD Zdole - KS - ZDOLE","isPartOf":{"@id":"https:\/\/ks-zdole.si\/#website"},"primaryImageOfPage":{"@id":"https:\/\/ks-zdole.si\/index.php\/2025\/03\/10\/jubilejni-obcni-zbor-thd-zdole\/#primaryimage"},"image":{"@id":"https:\/\/ks-zdole.si\/index.php\/2025\/03\/10\/jubilejni-obcni-zbor-thd-zdole\/#primaryimage"},"thumbnailUrl":"https:\/\/ks-zdole.si\/wp-content\/uploads\/2025\/03\/IMG-36c39c66cdf55c7c299a70a7bdd77491-V.jpg","datePublished":"2025-03-10T16:28:58+00:00","dateModified":"2025-03-10T16:45:09+00:00","breadcrumb":{"@id":"https:\/\/ks-zdole.si\/index.php\/2025\/03\/10\/jubilejni-obcni-zbor-thd-zdole\/#breadcrumb"},"inLanguage":"sl-SI","potentialAction":[{"@type":"ReadAction","target":["https:\/\/ks-zdole.si\/index.php\/2025\/03\/10\/jubilejni-obcni-zbor-thd-zdole\/"]}]},{"@type":"ImageObject","inLanguage":"sl-SI","@id":"https:\/\/ks-zdole.si\/index.php\/2025\/03\/10\/jubilejni-obcni-zbor-thd-zdole\/#primaryimage","url":"https:\/\/ks-zdole.si\/wp-content\/uploads\/2025\/03\/IMG-36c39c66cdf55c7c299a70a7bdd77491-V.jpg","contentUrl":"https:\/\/ks-zdole.si\/wp-content\/uploads\/2025\/03\/IMG-36c39c66cdf55c7c299a70a7bdd77491-V.jpg","width":1600,"height":1200},{"@type":"BreadcrumbList","@id":"https:\/\/ks-zdole.si\/index.php\/2025\/03\/10\/jubilejni-obcni-zbor-thd-zdole\/#breadcrumb","itemListElement":[{"@type":"ListItem","position":1,"name":"Home","item":"https:\/\/ks-zdole.si\/"},{"@type":"ListItem","position":2,"name":"Jubilejni ob\u010dni zbor THD Zdole"}]},{"@type":"WebSite","@id":"https:\/\/ks-zdole.si\/#website","url":"https:\/\/ks-zdole.si\/","name":"KS - ZDOLE","description":"Zdole, lu\u010d sveta!","publisher":{"@id":"https:\/\/ks-zdole.si\/#organization"},"potentialAction":[{"@type":"SearchAction","target":{"@type":"EntryPoint","urlTemplate":"https:\/\/ks-zdole.si\/?s={search_term_string}"},"query-input":{"@type":"PropertyValueSpecification","valueRequired":true,"valueName":"search_term_string"}}],"inLanguage":"sl-SI"},{"@type":"Organization","@id":"https:\/\/ks-zdole.si\/#organization","name":"KS - ZDOLE","url":"https:\/\/ks-zdole.si\/","logo":{"@type":"ImageObject","inLanguage":"sl-SI","@id":"https:\/\/ks-zdole.si\/#\/schema\/logo\/image\/","url":"https:\/\/ks-zdole.si\/wp-content\/uploads\/2024\/04\/grb_zdole_150.png","contentUrl":"https:\/\/ks-zdole.si\/wp-content\/uploads\/2024\/04\/grb_zdole_150.png","width":150,"height":184,"caption":"KS - ZDOLE"},"image":{"@id":"https:\/\/ks-zdole.si\/#\/schema\/logo\/image\/"}},{"@type":"Person","@id":"https:\/\/ks-zdole.si\/#\/schema\/person\/46c69c76471568cea99ec633d71742ef","name":"Romana \u017dnider\u0161i\u010d","image":{"@type":"ImageObject","inLanguage":"sl-SI","@id":"https:\/\/secure.gravatar.com\/avatar\/95307d5b8ac88678eb92412a174e6484fa4708824308f5c98163d5cdb331a18a?s=96&d=mm&r=g","url":"https:\/\/secure.gravatar.com\/avatar\/95307d5b8ac88678eb92412a174e6484fa4708824308f5c98163d5cdb331a18a?s=96&d=mm&r=g","contentUrl":"https:\/\/secure.gravatar.com\/avatar\/95307d5b8ac88678eb92412a174e6484fa4708824308f5c98163d5cdb331a18a?s=96&d=mm&r=g","caption":"Romana \u017dnider\u0161i\u010d"},"url":"https:\/\/ks-zdole.si\/index.php\/author\/romana\/"}]}},"_links":{"self":[{"href":"https:\/\/ks-zdole.si\/index.php\/wp-json\/wp\/v2\/posts\/5437","targetHints":{"allow":["GET"]}}],"collection":[{"href":"https:\/\/ks-zdole.si\/index.php\/wp-json\/wp\/v2\/posts"}],"about":[{"href":"https:\/\/ks-zdole.si\/index.php\/wp-json\/wp\/v2\/types\/post"}],"author":[{"embeddable":true,"href":"https:\/\/ks-zdole.si\/index.php\/wp-json\/wp\/v2\/users\/4"}],"replies":[{"embeddable":true,"href":"https:\/\/ks-zdole.si\/index.php\/wp-json\/wp\/v2\/comments?post=5437"}],"version-history":[{"count":3,"href":"https:\/\/ks-zdole.si\/index.php\/wp-json\/wp\/v2\/posts\/5437\/revisions"}],"predecessor-version":[{"id":5489,"href":"https:\/\/ks-zdole.si\/index.php\/wp-json\/wp\/v2\/posts\/5437\/revisions\/5489"}],"wp:featuredmedia":[{"embeddable":true,"href":"https:\/\/ks-zdole.si\/index.php\/wp-json\/wp\/v2\/media\/5463"}],"wp:attachment":[{"href":"https:\/\/ks-zdole.si\/index.php\/wp-json\/wp\/v2\/media?parent=5437"}],"wp:term":[{"taxonomy":"category","embeddable":true,"href":"https:\/\/ks-zdole.si\/index.php\/wp-json\/wp\/v2\/categories?post=5437"},{"taxonomy":"post_tag","embeddable":true,"href":"https:\/\/ks-zdole.si\/index.php\/wp-json\/wp\/v2\/tags?post=5437"}],"curies":[{"name":"wp","href":"https:\/\/api.w.org\/{rel}","templated":true}]}}