
{"id":5333,"date":"2025-01-11T20:08:27","date_gmt":"2025-01-11T19:08:27","guid":{"rendered":"https:\/\/ks-zdole.si\/?p=5333"},"modified":"2025-01-13T14:58:37","modified_gmt":"2025-01-13T13:58:37","slug":"ks-zdole-ima-novega-predsednika","status":"publish","type":"post","link":"https:\/\/ks-zdole.si\/index.php\/2025\/01\/11\/ks-zdole-ima-novega-predsednika\/","title":{"rendered":"KS-ZDOLE IMA NOVEGA PREDSEDNIKA"},"content":{"rendered":"\n<p>V sredo, 8. januarja 2025, so svetniki na izredni seji izvolili novega predsednika. To funkcijo je prevzel <strong>Igor \u0160majgl<\/strong>. Zahvaljujemo se biv\u0161emu predsedniku, <strong>Du\u0161anu \u010cerneli\u010du<\/strong>, za uspe\u0161no zaklju\u010dene projekte in njegovo predano delo. Novemu predsedniku pa \u017eelimo uspe\u0161no nadaljevanje dela pri razvoju krajevne skupnosti.<\/p>\n\n\n\n<p>uredni\u0161tvo<\/p>\n\n\n<div class=\"wp-block-image\">\n<figure class=\"aligncenter size-full is-resized\"><img loading=\"lazy\" decoding=\"async\" width=\"150\" height=\"184\" src=\"https:\/\/ks-zdole.si\/wp-content\/uploads\/2024\/04\/grb_zdole_150.png\" alt=\"\" class=\"wp-image-4581\" style=\"width:100px\"\/><\/figure>\n<\/div>","protected":false},"excerpt":{"rendered":"<p>V sredo, 8. januarja 2025, so svetniki na izredni seji izvolili novega predsednika. To funkcijo je prevzel Igor \u0160majgl. Zahvaljujemo se biv\u0161emu predsedniku, Du\u0161anu \u010cerneli\u010du, za uspe\u0161no zaklju\u010dene projekte in njegovo predano delo. Novemu predsedniku pa \u017eelimo uspe\u0161no nadaljevanje dela pri razvoju krajevne skupnosti. uredni\u0161tvo<\/p>\n","protected":false},"author":1,"featured_media":4576,"comment_status":"closed","ping_status":"closed","sticky":false,"template":"","format":"standard","meta":{"footnotes":""},"categories":[73],"tags":[],"class_list":["post-5333","post","type-post","status-publish","format-standard","has-post-thumbnail","hentry","category-ks-zdole"],"yoast_head":"<!-- This site is optimized with the Yoast SEO plugin v27.5 - https:\/\/yoast.com\/product\/yoast-seo-wordpress\/ -->\n<title>KS-ZDOLE IMA NOVEGA PREDSEDNIKA - KS - ZDOLE<\/title>\n<meta name=\"robots\" content=\"index, follow, max-snippet:-1, max-image-preview:large, max-video-preview:-1\" \/>\n<link rel=\"canonical\" href=\"https:\/\/ks-zdole.si\/index.php\/2025\/01\/11\/ks-zdole-ima-novega-predsednika\/\" \/>\n<meta property=\"og:locale\" content=\"sl_SI\" \/>\n<meta property=\"og:type\" content=\"article\" \/>\n<meta property=\"og:title\" content=\"KS-ZDOLE IMA NOVEGA PREDSEDNIKA - KS - ZDOLE\" \/>\n<meta property=\"og:description\" content=\"V sredo, 8. januarja 2025, so svetniki na izredni seji izvolili novega predsednika. To funkcijo je prevzel Igor \u0160majgl. Zahvaljujemo se biv\u0161emu predsedniku, Du\u0161anu \u010cerneli\u010du, za uspe\u0161no zaklju\u010dene projekte in njegovo predano delo. Novemu predsedniku pa \u017eelimo uspe\u0161no nadaljevanje dela pri razvoju krajevne skupnosti. uredni\u0161tvo\" \/>\n<meta property=\"og:url\" content=\"https:\/\/ks-zdole.si\/index.php\/2025\/01\/11\/ks-zdole-ima-novega-predsednika\/\" \/>\n<meta property=\"og:site_name\" content=\"KS - ZDOLE\" \/>\n<meta property=\"article:published_time\" content=\"2025-01-11T19:08:27+00:00\" \/>\n<meta property=\"article:modified_time\" content=\"2025-01-13T13:58:37+00:00\" \/>\n<meta property=\"og:image\" content=\"https:\/\/ks-zdole.si\/wp-content\/uploads\/2024\/04\/zastava.jpg\" \/>\n\t<meta property=\"og:image:width\" content=\"794\" \/>\n\t<meta property=\"og:image:height\" content=\"534\" \/>\n\t<meta property=\"og:image:type\" content=\"image\/jpeg\" \/>\n<meta name=\"author\" content=\"uredni\u0161tvo\" \/>\n<meta name=\"twitter:card\" content=\"summary_large_image\" \/>\n<meta name=\"twitter:label1\" content=\"Written by\" \/>\n\t<meta name=\"twitter:data1\" content=\"uredni\u0161tvo\" \/>\n\t<meta name=\"twitter:label2\" content=\"Est. reading time\" \/>\n\t<meta name=\"twitter:data2\" content=\"1 minuta\" \/>\n<script type=\"application\/ld+json\" class=\"yoast-schema-graph\">{\"@context\":\"https:\\\/\\\/schema.org\",\"@graph\":[{\"@type\":\"Article\",\"@id\":\"https:\\\/\\\/ks-zdole.si\\\/index.php\\\/2025\\\/01\\\/11\\\/ks-zdole-ima-novega-predsednika\\\/#article\",\"isPartOf\":{\"@id\":\"https:\\\/\\\/ks-zdole.si\\\/index.php\\\/2025\\\/01\\\/11\\\/ks-zdole-ima-novega-predsednika\\\/\"},\"author\":{\"name\":\"uredni\u0161tvo\",\"@id\":\"https:\\\/\\\/ks-zdole.si\\\/#\\\/schema\\\/person\\\/59de06a37bd95c4f26ee59fd8c90bedf\"},\"headline\":\"KS-ZDOLE IMA NOVEGA PREDSEDNIKA\",\"datePublished\":\"2025-01-11T19:08:27+00:00\",\"dateModified\":\"2025-01-13T13:58:37+00:00\",\"mainEntityOfPage\":{\"@id\":\"https:\\\/\\\/ks-zdole.si\\\/index.php\\\/2025\\\/01\\\/11\\\/ks-zdole-ima-novega-predsednika\\\/\"},\"wordCount\":54,\"publisher\":{\"@id\":\"https:\\\/\\\/ks-zdole.si\\\/#organization\"},\"image\":{\"@id\":\"https:\\\/\\\/ks-zdole.si\\\/index.php\\\/2025\\\/01\\\/11\\\/ks-zdole-ima-novega-predsednika\\\/#primaryimage\"},\"thumbnailUrl\":\"https:\\\/\\\/ks-zdole.si\\\/wp-content\\\/uploads\\\/2024\\\/04\\\/zastava.jpg\",\"articleSection\":[\"KS-ZDOLE\"],\"inLanguage\":\"sl-SI\"},{\"@type\":\"WebPage\",\"@id\":\"https:\\\/\\\/ks-zdole.si\\\/index.php\\\/2025\\\/01\\\/11\\\/ks-zdole-ima-novega-predsednika\\\/\",\"url\":\"https:\\\/\\\/ks-zdole.si\\\/index.php\\\/2025\\\/01\\\/11\\\/ks-zdole-ima-novega-predsednika\\\/\",\"name\":\"KS-ZDOLE IMA NOVEGA PREDSEDNIKA - KS - ZDOLE\",\"isPartOf\":{\"@id\":\"https:\\\/\\\/ks-zdole.si\\\/#website\"},\"primaryImageOfPage\":{\"@id\":\"https:\\\/\\\/ks-zdole.si\\\/index.php\\\/2025\\\/01\\\/11\\\/ks-zdole-ima-novega-predsednika\\\/#primaryimage\"},\"image\":{\"@id\":\"https:\\\/\\\/ks-zdole.si\\\/index.php\\\/2025\\\/01\\\/11\\\/ks-zdole-ima-novega-predsednika\\\/#primaryimage\"},\"thumbnailUrl\":\"https:\\\/\\\/ks-zdole.si\\\/wp-content\\\/uploads\\\/2024\\\/04\\\/zastava.jpg\",\"datePublished\":\"2025-01-11T19:08:27+00:00\",\"dateModified\":\"2025-01-13T13:58:37+00:00\",\"breadcrumb\":{\"@id\":\"https:\\\/\\\/ks-zdole.si\\\/index.php\\\/2025\\\/01\\\/11\\\/ks-zdole-ima-novega-predsednika\\\/#breadcrumb\"},\"inLanguage\":\"sl-SI\",\"potentialAction\":[{\"@type\":\"ReadAction\",\"target\":[\"https:\\\/\\\/ks-zdole.si\\\/index.php\\\/2025\\\/01\\\/11\\\/ks-zdole-ima-novega-predsednika\\\/\"]}]},{\"@type\":\"ImageObject\",\"inLanguage\":\"sl-SI\",\"@id\":\"https:\\\/\\\/ks-zdole.si\\\/index.php\\\/2025\\\/01\\\/11\\\/ks-zdole-ima-novega-predsednika\\\/#primaryimage\",\"url\":\"https:\\\/\\\/ks-zdole.si\\\/wp-content\\\/uploads\\\/2024\\\/04\\\/zastava.jpg\",\"contentUrl\":\"https:\\\/\\\/ks-zdole.si\\\/wp-content\\\/uploads\\\/2024\\\/04\\\/zastava.jpg\",\"width\":794,\"height\":534},{\"@type\":\"BreadcrumbList\",\"@id\":\"https:\\\/\\\/ks-zdole.si\\\/index.php\\\/2025\\\/01\\\/11\\\/ks-zdole-ima-novega-predsednika\\\/#breadcrumb\",\"itemListElement\":[{\"@type\":\"ListItem\",\"position\":1,\"name\":\"Home\",\"item\":\"https:\\\/\\\/ks-zdole.si\\\/\"},{\"@type\":\"ListItem\",\"position\":2,\"name\":\"KS-ZDOLE IMA NOVEGA PREDSEDNIKA\"}]},{\"@type\":\"WebSite\",\"@id\":\"https:\\\/\\\/ks-zdole.si\\\/#website\",\"url\":\"https:\\\/\\\/ks-zdole.si\\\/\",\"name\":\"KS - ZDOLE\",\"description\":\"Zdole, lu\u010d sveta!\",\"publisher\":{\"@id\":\"https:\\\/\\\/ks-zdole.si\\\/#organization\"},\"potentialAction\":[{\"@type\":\"SearchAction\",\"target\":{\"@type\":\"EntryPoint\",\"urlTemplate\":\"https:\\\/\\\/ks-zdole.si\\\/?s={search_term_string}\"},\"query-input\":{\"@type\":\"PropertyValueSpecification\",\"valueRequired\":true,\"valueName\":\"search_term_string\"}}],\"inLanguage\":\"sl-SI\"},{\"@type\":\"Organization\",\"@id\":\"https:\\\/\\\/ks-zdole.si\\\/#organization\",\"name\":\"KS - ZDOLE\",\"url\":\"https:\\\/\\\/ks-zdole.si\\\/\",\"logo\":{\"@type\":\"ImageObject\",\"inLanguage\":\"sl-SI\",\"@id\":\"https:\\\/\\\/ks-zdole.si\\\/#\\\/schema\\\/logo\\\/image\\\/\",\"url\":\"https:\\\/\\\/ks-zdole.si\\\/wp-content\\\/uploads\\\/2024\\\/04\\\/grb_zdole_150.png\",\"contentUrl\":\"https:\\\/\\\/ks-zdole.si\\\/wp-content\\\/uploads\\\/2024\\\/04\\\/grb_zdole_150.png\",\"width\":150,\"height\":184,\"caption\":\"KS - ZDOLE\"},\"image\":{\"@id\":\"https:\\\/\\\/ks-zdole.si\\\/#\\\/schema\\\/logo\\\/image\\\/\"}},{\"@type\":\"Person\",\"@id\":\"https:\\\/\\\/ks-zdole.si\\\/#\\\/schema\\\/person\\\/59de06a37bd95c4f26ee59fd8c90bedf\",\"name\":\"uredni\u0161tvo\",\"image\":{\"@type\":\"ImageObject\",\"inLanguage\":\"sl-SI\",\"@id\":\"https:\\\/\\\/secure.gravatar.com\\\/avatar\\\/34f926b89ca0c9163cd89973540074cb6333d29c68eac5122c3bcd6d78edfeff?s=96&d=mm&r=g\",\"url\":\"https:\\\/\\\/secure.gravatar.com\\\/avatar\\\/34f926b89ca0c9163cd89973540074cb6333d29c68eac5122c3bcd6d78edfeff?s=96&d=mm&r=g\",\"contentUrl\":\"https:\\\/\\\/secure.gravatar.com\\\/avatar\\\/34f926b89ca0c9163cd89973540074cb6333d29c68eac5122c3bcd6d78edfeff?s=96&d=mm&r=g\",\"caption\":\"uredni\u0161tvo\"},\"sameAs\":[\"http:\\\/\\\/ks-zdole.si\"],\"url\":\"https:\\\/\\\/ks-zdole.si\\\/index.php\\\/author\\\/stanislav\\\/\"}]}<\/script>\n<!-- \/ Yoast SEO plugin. -->","yoast_head_json":{"title":"KS-ZDOLE IMA NOVEGA PREDSEDNIKA - KS - ZDOLE","robots":{"index":"index","follow":"follow","max-snippet":"max-snippet:-1","max-image-preview":"max-image-preview:large","max-video-preview":"max-video-preview:-1"},"canonical":"https:\/\/ks-zdole.si\/index.php\/2025\/01\/11\/ks-zdole-ima-novega-predsednika\/","og_locale":"sl_SI","og_type":"article","og_title":"KS-ZDOLE IMA NOVEGA PREDSEDNIKA - KS - ZDOLE","og_description":"V sredo, 8. januarja 2025, so svetniki na izredni seji izvolili novega predsednika. To funkcijo je prevzel Igor \u0160majgl. Zahvaljujemo se biv\u0161emu predsedniku, Du\u0161anu \u010cerneli\u010du, za uspe\u0161no zaklju\u010dene projekte in njegovo predano delo. Novemu predsedniku pa \u017eelimo uspe\u0161no nadaljevanje dela pri razvoju krajevne skupnosti. uredni\u0161tvo","og_url":"https:\/\/ks-zdole.si\/index.php\/2025\/01\/11\/ks-zdole-ima-novega-predsednika\/","og_site_name":"KS - ZDOLE","article_published_time":"2025-01-11T19:08:27+00:00","article_modified_time":"2025-01-13T13:58:37+00:00","og_image":[{"width":794,"height":534,"url":"https:\/\/ks-zdole.si\/wp-content\/uploads\/2024\/04\/zastava.jpg","type":"image\/jpeg"}],"author":"uredni\u0161tvo","twitter_card":"summary_large_image","twitter_misc":{"Written by":"uredni\u0161tvo","Est. reading time":"1 minuta"},"schema":{"@context":"https:\/\/schema.org","@graph":[{"@type":"Article","@id":"https:\/\/ks-zdole.si\/index.php\/2025\/01\/11\/ks-zdole-ima-novega-predsednika\/#article","isPartOf":{"@id":"https:\/\/ks-zdole.si\/index.php\/2025\/01\/11\/ks-zdole-ima-novega-predsednika\/"},"author":{"name":"uredni\u0161tvo","@id":"https:\/\/ks-zdole.si\/#\/schema\/person\/59de06a37bd95c4f26ee59fd8c90bedf"},"headline":"KS-ZDOLE IMA NOVEGA PREDSEDNIKA","datePublished":"2025-01-11T19:08:27+00:00","dateModified":"2025-01-13T13:58:37+00:00","mainEntityOfPage":{"@id":"https:\/\/ks-zdole.si\/index.php\/2025\/01\/11\/ks-zdole-ima-novega-predsednika\/"},"wordCount":54,"publisher":{"@id":"https:\/\/ks-zdole.si\/#organization"},"image":{"@id":"https:\/\/ks-zdole.si\/index.php\/2025\/01\/11\/ks-zdole-ima-novega-predsednika\/#primaryimage"},"thumbnailUrl":"https:\/\/ks-zdole.si\/wp-content\/uploads\/2024\/04\/zastava.jpg","articleSection":["KS-ZDOLE"],"inLanguage":"sl-SI"},{"@type":"WebPage","@id":"https:\/\/ks-zdole.si\/index.php\/2025\/01\/11\/ks-zdole-ima-novega-predsednika\/","url":"https:\/\/ks-zdole.si\/index.php\/2025\/01\/11\/ks-zdole-ima-novega-predsednika\/","name":"KS-ZDOLE IMA NOVEGA PREDSEDNIKA - KS - ZDOLE","isPartOf":{"@id":"https:\/\/ks-zdole.si\/#website"},"primaryImageOfPage":{"@id":"https:\/\/ks-zdole.si\/index.php\/2025\/01\/11\/ks-zdole-ima-novega-predsednika\/#primaryimage"},"image":{"@id":"https:\/\/ks-zdole.si\/index.php\/2025\/01\/11\/ks-zdole-ima-novega-predsednika\/#primaryimage"},"thumbnailUrl":"https:\/\/ks-zdole.si\/wp-content\/uploads\/2024\/04\/zastava.jpg","datePublished":"2025-01-11T19:08:27+00:00","dateModified":"2025-01-13T13:58:37+00:00","breadcrumb":{"@id":"https:\/\/ks-zdole.si\/index.php\/2025\/01\/11\/ks-zdole-ima-novega-predsednika\/#breadcrumb"},"inLanguage":"sl-SI","potentialAction":[{"@type":"ReadAction","target":["https:\/\/ks-zdole.si\/index.php\/2025\/01\/11\/ks-zdole-ima-novega-predsednika\/"]}]},{"@type":"ImageObject","inLanguage":"sl-SI","@id":"https:\/\/ks-zdole.si\/index.php\/2025\/01\/11\/ks-zdole-ima-novega-predsednika\/#primaryimage","url":"https:\/\/ks-zdole.si\/wp-content\/uploads\/2024\/04\/zastava.jpg","contentUrl":"https:\/\/ks-zdole.si\/wp-content\/uploads\/2024\/04\/zastava.jpg","width":794,"height":534},{"@type":"BreadcrumbList","@id":"https:\/\/ks-zdole.si\/index.php\/2025\/01\/11\/ks-zdole-ima-novega-predsednika\/#breadcrumb","itemListElement":[{"@type":"ListItem","position":1,"name":"Home","item":"https:\/\/ks-zdole.si\/"},{"@type":"ListItem","position":2,"name":"KS-ZDOLE IMA NOVEGA PREDSEDNIKA"}]},{"@type":"WebSite","@id":"https:\/\/ks-zdole.si\/#website","url":"https:\/\/ks-zdole.si\/","name":"KS - ZDOLE","description":"Zdole, lu\u010d sveta!","publisher":{"@id":"https:\/\/ks-zdole.si\/#organization"},"potentialAction":[{"@type":"SearchAction","target":{"@type":"EntryPoint","urlTemplate":"https:\/\/ks-zdole.si\/?s={search_term_string}"},"query-input":{"@type":"PropertyValueSpecification","valueRequired":true,"valueName":"search_term_string"}}],"inLanguage":"sl-SI"},{"@type":"Organization","@id":"https:\/\/ks-zdole.si\/#organization","name":"KS - ZDOLE","url":"https:\/\/ks-zdole.si\/","logo":{"@type":"ImageObject","inLanguage":"sl-SI","@id":"https:\/\/ks-zdole.si\/#\/schema\/logo\/image\/","url":"https:\/\/ks-zdole.si\/wp-content\/uploads\/2024\/04\/grb_zdole_150.png","contentUrl":"https:\/\/ks-zdole.si\/wp-content\/uploads\/2024\/04\/grb_zdole_150.png","width":150,"height":184,"caption":"KS - ZDOLE"},"image":{"@id":"https:\/\/ks-zdole.si\/#\/schema\/logo\/image\/"}},{"@type":"Person","@id":"https:\/\/ks-zdole.si\/#\/schema\/person\/59de06a37bd95c4f26ee59fd8c90bedf","name":"uredni\u0161tvo","image":{"@type":"ImageObject","inLanguage":"sl-SI","@id":"https:\/\/secure.gravatar.com\/avatar\/34f926b89ca0c9163cd89973540074cb6333d29c68eac5122c3bcd6d78edfeff?s=96&d=mm&r=g","url":"https:\/\/secure.gravatar.com\/avatar\/34f926b89ca0c9163cd89973540074cb6333d29c68eac5122c3bcd6d78edfeff?s=96&d=mm&r=g","contentUrl":"https:\/\/secure.gravatar.com\/avatar\/34f926b89ca0c9163cd89973540074cb6333d29c68eac5122c3bcd6d78edfeff?s=96&d=mm&r=g","caption":"uredni\u0161tvo"},"sameAs":["http:\/\/ks-zdole.si"],"url":"https:\/\/ks-zdole.si\/index.php\/author\/stanislav\/"}]}},"_links":{"self":[{"href":"https:\/\/ks-zdole.si\/index.php\/wp-json\/wp\/v2\/posts\/5333","targetHints":{"allow":["GET"]}}],"collection":[{"href":"https:\/\/ks-zdole.si\/index.php\/wp-json\/wp\/v2\/posts"}],"about":[{"href":"https:\/\/ks-zdole.si\/index.php\/wp-json\/wp\/v2\/types\/post"}],"author":[{"embeddable":true,"href":"https:\/\/ks-zdole.si\/index.php\/wp-json\/wp\/v2\/users\/1"}],"replies":[{"embeddable":true,"href":"https:\/\/ks-zdole.si\/index.php\/wp-json\/wp\/v2\/comments?post=5333"}],"version-history":[{"count":6,"href":"https:\/\/ks-zdole.si\/index.php\/wp-json\/wp\/v2\/posts\/5333\/revisions"}],"predecessor-version":[{"id":5342,"href":"https:\/\/ks-zdole.si\/index.php\/wp-json\/wp\/v2\/posts\/5333\/revisions\/5342"}],"wp:featuredmedia":[{"embeddable":true,"href":"https:\/\/ks-zdole.si\/index.php\/wp-json\/wp\/v2\/media\/4576"}],"wp:attachment":[{"href":"https:\/\/ks-zdole.si\/index.php\/wp-json\/wp\/v2\/media?parent=5333"}],"wp:term":[{"taxonomy":"category","embeddable":true,"href":"https:\/\/ks-zdole.si\/index.php\/wp-json\/wp\/v2\/categories?post=5333"},{"taxonomy":"post_tag","embeddable":true,"href":"https:\/\/ks-zdole.si\/index.php\/wp-json\/wp\/v2\/tags?post=5333"}],"curies":[{"name":"wp","href":"https:\/\/api.w.org\/{rel}","templated":true}]}}