
{"id":4586,"date":"2024-04-25T11:56:49","date_gmt":"2024-04-25T10:56:49","guid":{"rendered":"https:\/\/ks-zdole.si\/?p=4586"},"modified":"2024-04-25T16:32:03","modified_gmt":"2024-04-25T15:32:03","slug":"slavnostna-prireditev-ob-krajevnem-prazniku-zdole","status":"publish","type":"post","link":"https:\/\/ks-zdole.si\/index.php\/2024\/04\/25\/slavnostna-prireditev-ob-krajevnem-prazniku-zdole\/","title":{"rendered":"Slavnostna prireditev ob krajevnem prazniku Zdole"},"content":{"rendered":"\n<p>V nedeljo, 21. 4., je v organizaciji THD in soorganizaciji KS Zdole potekala slavnostna prireditev ob krajevnem prazniku, ki vsako leto obogati zaklju\u010dek tradicionalnega farnega praznika &#8211; Jurjevanja na Zdolah.<\/p>\n\n\n\n<p>Moderatorka prireditve in hkrati predsednica THD Zdole, je po uvodni misli \u010dastni pozdrav ob tej \u010dudoviti prilo\u017enosti namenila \u017eupanu Mestne ob\u010dine Kr\u0161ko, g. Janezu Kerinu, pod\u017eupanu MO Kr\u0161ko, g. Dejanu \u017dnider\u0161i\u010du, predsedniku KS Zdole, Du\u0161anu \u010cerneli\u010du, in \u010dastnima krajanoma Jo\u017eetu Sliv\u0161ku in Marjanu Gri\u010darju.&nbsp;<\/p>\n\n\n\n<p>Program prireditve so obogatili starej\u0161a skupina Vrtca Zdole &#8211; Muren\u010dki, u\u010denca G\u0160 Kr\u0161ko Alja\u017e Pezdirc na kitari in Ajda Ivan\u0161ek na flavti pod mentorstvom Andreje P\u0161eni\u010dnik in Mihe Koreti\u010da, Neva \u017dnider\u0161i\u010d, ki je prireditev otvorila s petjem slovenske himne in Pevke ljudskih pesmi Lastovke. Slednje so nastopile tudi v sklopu udele\u017ebe v projektu Vseslovensko petje s srci in nas razveseljevale ob napevih doma\u010dih melodij Lipa zelenela je, idr. Povezovalka programa je omenila, da ima\u00a0na\u0161 narod pesem v krvi in da smo lahko sre\u010dni in ponosni, da se prav iz vsakega koti\u010dka na\u0161e preljube domovine sli\u0161i slovenska pesem. To pa nakazuje najlep\u0161i na\u010din izra\u017eanja pripadnosti na\u0161i domovini ter\u00a0hvale\u017enosti za dedi\u0161\u010dino, ki jo ohranjamo in prena\u0161amo na mladi rod. S\u00a0skupnim prepevanjem slovenskih pesmi smo se nastopajo\u010di in vsi obiskovalci\u00a0po besedah organizatorja projekta\u00a0poklonili na\u0161emu jeziku, kulturi in tradiciji\u00a0na dan Zelenega Jurija, ki je glasnik zdravja in obilja.<\/p>\n\n\n\n<p>Prisotne sta vljudno pozdravila in nagovorila \u017eupan Mestne ob\u010dine Kr\u0161ko in predsednik KS Zdole, ki je po nagovoru podelil tudi priznanja KS Zdole Branku Molanu, Betki Jel\u010di\u010d, Alenki Krajnc in Danici \u017dnider\u0161i\u010d za njihove dolgoletne zasluge prostovoljnega udejstvovanja v doma\u010dem kraju in ob\u010dini. Ponosni smo, da smo letos priznanje lahko predali tudi izvoljeni \u010dastni krajanki, ge. Marici \u017divi\u010d, za katero je bilo navedeno, da sta jo ljubezen in delavnost v mladosti za nekaj \u010dasa odpeljala v tujino, a se je kmalu vrnila, da bi vzgajala svoja otroka\u00a0 v doma\u010dem okolju. Zaposlila se je v Agrokombinatu Kr\u0161ko kot administratorka. \u017de v zibelko ji je bila polo\u017eena ljubezen do darov narave, zemlje, ro\u017e, ljudskih obi\u010dajev in ostale ljudske zapu\u0161\u010dine, tako da je poleg slu\u017ebe in dru\u017eine svoj prosti \u010das darovala za razvoj in lep\u0161i izgled kraja. Delovala je v raznih komisijah in odborih za napredek in ohranjanje pode\u017eelja, si prizadevala, da bi Zdole dobile po\u0161to, bila prva predstavnica in gonilna sila Celostnega razvoja vasi in pode\u017eelja (CRPOV), ustanovna predstavnica ob\u010dinske turisti\u010dne zveze na Zdolah. Povezovala je tudi \u010dlanice Aktiva kme\u010dkih \u017eena Kr\u0161ko in kot izredna ljubiteljica zborovskega petja vse delujo\u010de pevske zbore. Pe\u010dat njenih zaslug je za\u017earel, ko je zdolske pevce pripeljala na RTV Ljubljana na snemanje oddaje \u00bbKo\u0161nikova gostilna\u00ab z Mitom Trefaltom. Svojo zakladnico znanja in predanost dedi\u0161\u010dini je vrsto let bogatila in negovala s sodelovanjem z\u00a0 dr. Janezem Bogatajem, priznanim slovenskim etnologom, kar je privedlo do snemanja dokumentarnega\u00a0 filma o kme\u010dkih delih in obi\u010dajih na Zdolahi. Odkrito moramo priznati, da je njeno aktivno delo, lep\u0161e re\u010deno \u017eivljenjsko poslanstvo, bilo povod ustanovitve \u0161e vedno delujo\u010dega turisti\u010dnega dru\u0161tva na Zdolah. Ga. Marica je zelo povezovalna, vedno pozitivna ljubezniva in kot krajanka marsikomu tudi vzornica. Kljub svojim zdravstvenim tegobam, ki so jih prinesla leta, je bistra in \u0161e kar neverjetno ustvarjalna, saj \u017ee vse \u017eivljenje ustvarja \u010dudovite umetni\u0161ke izdelke iz suhega cvetja v obliki bodisi vizitk bodisi slik.<\/p>\n\n\n\n<p>Ob koncu so cenjeni nagrajenki za\u017eeleli \u0161e mnogo lepih pomladi v objemu sonca in naravnih danosti ter ji namenili velik poklon v zahvalo za vse, kar je storila za Zdole in krajane.<\/p>\n\n\n\n<figure class=\"wp-block-image size-full\"><img loading=\"lazy\" decoding=\"async\" width=\"1600\" height=\"1200\" src=\"https:\/\/ks-zdole.si\/wp-content\/uploads\/2024\/04\/IMG-988b8e10ae05bb1a0816e633fb73571f-V-\u2013-kopija.jpg\" alt=\"\" class=\"wp-image-4587\" srcset=\"https:\/\/ks-zdole.si\/wp-content\/uploads\/2024\/04\/IMG-988b8e10ae05bb1a0816e633fb73571f-V-\u2013-kopija.jpg 1600w, https:\/\/ks-zdole.si\/wp-content\/uploads\/2024\/04\/IMG-988b8e10ae05bb1a0816e633fb73571f-V-\u2013-kopija-300x225.jpg 300w, https:\/\/ks-zdole.si\/wp-content\/uploads\/2024\/04\/IMG-988b8e10ae05bb1a0816e633fb73571f-V-\u2013-kopija-768x576.jpg 768w, https:\/\/ks-zdole.si\/wp-content\/uploads\/2024\/04\/IMG-988b8e10ae05bb1a0816e633fb73571f-V-\u2013-kopija-1536x1152.jpg 1536w\" sizes=\"auto, (max-width: 1600px) 100vw, 1600px\" \/><\/figure>\n\n\n\n<p>Po kon\u010dani prireditvi smo se z lepimi \u017eeljami in dru\u017eenjem ob sve\u017ee pe\u010denem cvrtju, drugih kulinari\u010dnih sladkih in slanih dobrotah ter rujni kapljici poslovili in si za\u017eeleli vse dobro.<\/p>\n\n\n\n<p>Dragi bralci in bralke, naj vas, kot tudi nas, Jurjevo na Zdolah opomni na to, da smo del ve\u010djega skupnega ob\u010dutka, kjer se prepletajo zgodovina, kultura in skrb za prihodnost. Ta ob\u010dutek smo v &#8220;jurjevem maratonu dogodkov&#8221; negovali vsi: krajani, KS, \u010dlani THD, \u010dlani Prostovoljnega gasilskega in \u0161portnega\u00a0 dru\u0161tva, Pihalni orkester Kr\u0161ko, Pevke ljudskih pesmi Lastovke, G\u0160 Kr\u0161ko, ter vsi prijatelji, znanci in nenazadnje sr\u010dna podpora MO Kr\u0161ko. Vsem in vsakemu posebej se tudi iskreno zahvaljujemo.<\/p>\n\n\n\n<figure class=\"wp-block-gallery has-nested-images columns-default is-cropped wp-block-gallery-1 is-layout-flex wp-block-gallery-is-layout-flex\">\n<figure class=\"wp-block-image size-large\"><img loading=\"lazy\" decoding=\"async\" width=\"1600\" height=\"1018\" data-id=\"4588\" src=\"https:\/\/ks-zdole.si\/wp-content\/uploads\/2024\/04\/IMG-0b8f6c1755f79cae7754b0b2db026c2e-V.jpg\" alt=\"\" class=\"wp-image-4588\" srcset=\"https:\/\/ks-zdole.si\/wp-content\/uploads\/2024\/04\/IMG-0b8f6c1755f79cae7754b0b2db026c2e-V.jpg 1600w, https:\/\/ks-zdole.si\/wp-content\/uploads\/2024\/04\/IMG-0b8f6c1755f79cae7754b0b2db026c2e-V-300x191.jpg 300w, https:\/\/ks-zdole.si\/wp-content\/uploads\/2024\/04\/IMG-0b8f6c1755f79cae7754b0b2db026c2e-V-768x489.jpg 768w, https:\/\/ks-zdole.si\/wp-content\/uploads\/2024\/04\/IMG-0b8f6c1755f79cae7754b0b2db026c2e-V-1536x977.jpg 1536w\" sizes=\"auto, (max-width: 1600px) 100vw, 1600px\" \/><\/figure>\n\n\n\n<figure class=\"wp-block-image size-large\"><img loading=\"lazy\" decoding=\"async\" width=\"1600\" height=\"1200\" data-id=\"4592\" src=\"https:\/\/ks-zdole.si\/wp-content\/uploads\/2024\/04\/IMG-988b8e10ae05bb1a0816e633fb73571f-V-\u2013-kopija-1.jpg\" alt=\"\" class=\"wp-image-4592\" srcset=\"https:\/\/ks-zdole.si\/wp-content\/uploads\/2024\/04\/IMG-988b8e10ae05bb1a0816e633fb73571f-V-\u2013-kopija-1.jpg 1600w, https:\/\/ks-zdole.si\/wp-content\/uploads\/2024\/04\/IMG-988b8e10ae05bb1a0816e633fb73571f-V-\u2013-kopija-1-300x225.jpg 300w, https:\/\/ks-zdole.si\/wp-content\/uploads\/2024\/04\/IMG-988b8e10ae05bb1a0816e633fb73571f-V-\u2013-kopija-1-768x576.jpg 768w, https:\/\/ks-zdole.si\/wp-content\/uploads\/2024\/04\/IMG-988b8e10ae05bb1a0816e633fb73571f-V-\u2013-kopija-1-1536x1152.jpg 1536w\" sizes=\"auto, (max-width: 1600px) 100vw, 1600px\" \/><\/figure>\n\n\n\n<figure class=\"wp-block-image size-large\"><img loading=\"lazy\" decoding=\"async\" width=\"1200\" height=\"1600\" data-id=\"4590\" src=\"https:\/\/ks-zdole.si\/wp-content\/uploads\/2024\/04\/IMG-d9d6cfed21860a65d4b4ae875f57526c-V-\u2013-kopija.jpg\" alt=\"\" class=\"wp-image-4590\" srcset=\"https:\/\/ks-zdole.si\/wp-content\/uploads\/2024\/04\/IMG-d9d6cfed21860a65d4b4ae875f57526c-V-\u2013-kopija.jpg 1200w, https:\/\/ks-zdole.si\/wp-content\/uploads\/2024\/04\/IMG-d9d6cfed21860a65d4b4ae875f57526c-V-\u2013-kopija-225x300.jpg 225w, https:\/\/ks-zdole.si\/wp-content\/uploads\/2024\/04\/IMG-d9d6cfed21860a65d4b4ae875f57526c-V-\u2013-kopija-768x1024.jpg 768w, https:\/\/ks-zdole.si\/wp-content\/uploads\/2024\/04\/IMG-d9d6cfed21860a65d4b4ae875f57526c-V-\u2013-kopija-1152x1536.jpg 1152w\" sizes=\"auto, (max-width: 1200px) 100vw, 1200px\" \/><\/figure>\n\n\n\n<figure class=\"wp-block-image size-large\"><img loading=\"lazy\" decoding=\"async\" width=\"1600\" height=\"1200\" data-id=\"4591\" src=\"https:\/\/ks-zdole.si\/wp-content\/uploads\/2024\/04\/IMG-dfd691f28121ddcd311b69202130088e-V-\u2013-kopija.jpg\" alt=\"\" class=\"wp-image-4591\" srcset=\"https:\/\/ks-zdole.si\/wp-content\/uploads\/2024\/04\/IMG-dfd691f28121ddcd311b69202130088e-V-\u2013-kopija.jpg 1600w, https:\/\/ks-zdole.si\/wp-content\/uploads\/2024\/04\/IMG-dfd691f28121ddcd311b69202130088e-V-\u2013-kopija-300x225.jpg 300w, https:\/\/ks-zdole.si\/wp-content\/uploads\/2024\/04\/IMG-dfd691f28121ddcd311b69202130088e-V-\u2013-kopija-768x576.jpg 768w, https:\/\/ks-zdole.si\/wp-content\/uploads\/2024\/04\/IMG-dfd691f28121ddcd311b69202130088e-V-\u2013-kopija-1536x1152.jpg 1536w\" sizes=\"auto, (max-width: 1600px) 100vw, 1600px\" \/><\/figure>\n\n\n\n<figure class=\"wp-block-image size-large\"><img loading=\"lazy\" decoding=\"async\" width=\"1200\" height=\"1600\" data-id=\"4589\" src=\"https:\/\/ks-zdole.si\/wp-content\/uploads\/2024\/04\/IMG-e04be58e67b9cf3d855bdf3139525926-V.jpg\" alt=\"\" class=\"wp-image-4589\" srcset=\"https:\/\/ks-zdole.si\/wp-content\/uploads\/2024\/04\/IMG-e04be58e67b9cf3d855bdf3139525926-V.jpg 1200w, https:\/\/ks-zdole.si\/wp-content\/uploads\/2024\/04\/IMG-e04be58e67b9cf3d855bdf3139525926-V-225x300.jpg 225w, https:\/\/ks-zdole.si\/wp-content\/uploads\/2024\/04\/IMG-e04be58e67b9cf3d855bdf3139525926-V-768x1024.jpg 768w, https:\/\/ks-zdole.si\/wp-content\/uploads\/2024\/04\/IMG-e04be58e67b9cf3d855bdf3139525926-V-1152x1536.jpg 1152w\" sizes=\"auto, (max-width: 1200px) 100vw, 1200px\" \/><\/figure>\n<\/figure>\n","protected":false},"excerpt":{"rendered":"<p>V nedeljo, 21. 4., je v organizaciji THD in soorganizaciji KS Zdole potekala slavnostna prireditev ob krajevnem prazniku, ki vsako leto obogati zaklju\u010dek tradicionalnega farnega praznika &#8211; Jurjevanja na Zdolah. Moderatorka prireditve in hkrati predsednica THD Zdole, je po uvodni misli \u010dastni pozdrav ob tej \u010dudoviti prilo\u017enosti namenila \u017eupanu Mestne ob\u010dine Kr\u0161ko, g. Janezu Kerinu, [&hellip;]<\/p>\n","protected":false},"author":4,"featured_media":4592,"comment_status":"open","ping_status":"closed","sticky":false,"template":"","format":"standard","meta":{"footnotes":""},"categories":[49,73,23],"tags":[],"class_list":["post-4586","post","type-post","status-publish","format-standard","has-post-thumbnail","hentry","category-drustva","category-ks-zdole","category-turisticno-hortikulturno-drustvo-zdole"],"yoast_head":"<!-- This site is optimized with the Yoast SEO plugin v27.5 - https:\/\/yoast.com\/product\/yoast-seo-wordpress\/ -->\n<title>Slavnostna prireditev ob krajevnem prazniku Zdole - KS - ZDOLE<\/title>\n<meta name=\"robots\" content=\"index, follow, max-snippet:-1, max-image-preview:large, max-video-preview:-1\" \/>\n<link rel=\"canonical\" href=\"https:\/\/ks-zdole.si\/index.php\/2024\/04\/25\/slavnostna-prireditev-ob-krajevnem-prazniku-zdole\/\" \/>\n<meta property=\"og:locale\" content=\"sl_SI\" \/>\n<meta property=\"og:type\" content=\"article\" \/>\n<meta property=\"og:title\" content=\"Slavnostna prireditev ob krajevnem prazniku Zdole - KS - ZDOLE\" \/>\n<meta property=\"og:description\" content=\"V nedeljo, 21. 4., je v organizaciji THD in soorganizaciji KS Zdole potekala slavnostna prireditev ob krajevnem prazniku, ki vsako leto obogati zaklju\u010dek tradicionalnega farnega praznika &#8211; Jurjevanja na Zdolah. Moderatorka prireditve in hkrati predsednica THD Zdole, je po uvodni misli \u010dastni pozdrav ob tej \u010dudoviti prilo\u017enosti namenila \u017eupanu Mestne ob\u010dine Kr\u0161ko, g. Janezu Kerinu, [&hellip;]\" \/>\n<meta property=\"og:url\" content=\"https:\/\/ks-zdole.si\/index.php\/2024\/04\/25\/slavnostna-prireditev-ob-krajevnem-prazniku-zdole\/\" \/>\n<meta property=\"og:site_name\" content=\"KS - ZDOLE\" \/>\n<meta property=\"article:published_time\" content=\"2024-04-25T10:56:49+00:00\" \/>\n<meta property=\"article:modified_time\" content=\"2024-04-25T15:32:03+00:00\" \/>\n<meta property=\"og:image\" content=\"https:\/\/ks-zdole.si\/wp-content\/uploads\/2024\/04\/IMG-988b8e10ae05bb1a0816e633fb73571f-V-\u2013-kopija-1.jpg\" \/>\n\t<meta property=\"og:image:width\" content=\"1600\" \/>\n\t<meta property=\"og:image:height\" content=\"1200\" \/>\n\t<meta property=\"og:image:type\" content=\"image\/jpeg\" \/>\n<meta name=\"author\" content=\"Romana \u017dnider\u0161i\u010d\" \/>\n<meta name=\"twitter:card\" content=\"summary_large_image\" \/>\n<meta name=\"twitter:label1\" content=\"Written by\" \/>\n\t<meta name=\"twitter:data1\" content=\"Romana \u017dnider\u0161i\u010d\" \/>\n\t<meta name=\"twitter:label2\" content=\"Est. reading time\" \/>\n\t<meta name=\"twitter:data2\" content=\"6 minut\" \/>\n<script type=\"application\/ld+json\" class=\"yoast-schema-graph\">{\"@context\":\"https:\\\/\\\/schema.org\",\"@graph\":[{\"@type\":\"Article\",\"@id\":\"https:\\\/\\\/ks-zdole.si\\\/index.php\\\/2024\\\/04\\\/25\\\/slavnostna-prireditev-ob-krajevnem-prazniku-zdole\\\/#article\",\"isPartOf\":{\"@id\":\"https:\\\/\\\/ks-zdole.si\\\/index.php\\\/2024\\\/04\\\/25\\\/slavnostna-prireditev-ob-krajevnem-prazniku-zdole\\\/\"},\"author\":{\"name\":\"Romana \u017dnider\u0161i\u010d\",\"@id\":\"https:\\\/\\\/ks-zdole.si\\\/#\\\/schema\\\/person\\\/46c69c76471568cea99ec633d71742ef\"},\"headline\":\"Slavnostna prireditev ob krajevnem prazniku Zdole\",\"datePublished\":\"2024-04-25T10:56:49+00:00\",\"dateModified\":\"2024-04-25T15:32:03+00:00\",\"mainEntityOfPage\":{\"@id\":\"https:\\\/\\\/ks-zdole.si\\\/index.php\\\/2024\\\/04\\\/25\\\/slavnostna-prireditev-ob-krajevnem-prazniku-zdole\\\/\"},\"wordCount\":767,\"commentCount\":0,\"publisher\":{\"@id\":\"https:\\\/\\\/ks-zdole.si\\\/#organization\"},\"image\":{\"@id\":\"https:\\\/\\\/ks-zdole.si\\\/index.php\\\/2024\\\/04\\\/25\\\/slavnostna-prireditev-ob-krajevnem-prazniku-zdole\\\/#primaryimage\"},\"thumbnailUrl\":\"https:\\\/\\\/ks-zdole.si\\\/wp-content\\\/uploads\\\/2024\\\/04\\\/IMG-988b8e10ae05bb1a0816e633fb73571f-V-\u2013-kopija-1.jpg\",\"articleSection\":[\"DRU\u0160TVA\",\"KS-ZDOLE\",\"THD ZDOLE\"],\"inLanguage\":\"sl-SI\",\"potentialAction\":[{\"@type\":\"CommentAction\",\"name\":\"Comment\",\"target\":[\"https:\\\/\\\/ks-zdole.si\\\/index.php\\\/2024\\\/04\\\/25\\\/slavnostna-prireditev-ob-krajevnem-prazniku-zdole\\\/#respond\"]}]},{\"@type\":\"WebPage\",\"@id\":\"https:\\\/\\\/ks-zdole.si\\\/index.php\\\/2024\\\/04\\\/25\\\/slavnostna-prireditev-ob-krajevnem-prazniku-zdole\\\/\",\"url\":\"https:\\\/\\\/ks-zdole.si\\\/index.php\\\/2024\\\/04\\\/25\\\/slavnostna-prireditev-ob-krajevnem-prazniku-zdole\\\/\",\"name\":\"Slavnostna prireditev ob krajevnem prazniku Zdole - KS - ZDOLE\",\"isPartOf\":{\"@id\":\"https:\\\/\\\/ks-zdole.si\\\/#website\"},\"primaryImageOfPage\":{\"@id\":\"https:\\\/\\\/ks-zdole.si\\\/index.php\\\/2024\\\/04\\\/25\\\/slavnostna-prireditev-ob-krajevnem-prazniku-zdole\\\/#primaryimage\"},\"image\":{\"@id\":\"https:\\\/\\\/ks-zdole.si\\\/index.php\\\/2024\\\/04\\\/25\\\/slavnostna-prireditev-ob-krajevnem-prazniku-zdole\\\/#primaryimage\"},\"thumbnailUrl\":\"https:\\\/\\\/ks-zdole.si\\\/wp-content\\\/uploads\\\/2024\\\/04\\\/IMG-988b8e10ae05bb1a0816e633fb73571f-V-\u2013-kopija-1.jpg\",\"datePublished\":\"2024-04-25T10:56:49+00:00\",\"dateModified\":\"2024-04-25T15:32:03+00:00\",\"breadcrumb\":{\"@id\":\"https:\\\/\\\/ks-zdole.si\\\/index.php\\\/2024\\\/04\\\/25\\\/slavnostna-prireditev-ob-krajevnem-prazniku-zdole\\\/#breadcrumb\"},\"inLanguage\":\"sl-SI\",\"potentialAction\":[{\"@type\":\"ReadAction\",\"target\":[\"https:\\\/\\\/ks-zdole.si\\\/index.php\\\/2024\\\/04\\\/25\\\/slavnostna-prireditev-ob-krajevnem-prazniku-zdole\\\/\"]}]},{\"@type\":\"ImageObject\",\"inLanguage\":\"sl-SI\",\"@id\":\"https:\\\/\\\/ks-zdole.si\\\/index.php\\\/2024\\\/04\\\/25\\\/slavnostna-prireditev-ob-krajevnem-prazniku-zdole\\\/#primaryimage\",\"url\":\"https:\\\/\\\/ks-zdole.si\\\/wp-content\\\/uploads\\\/2024\\\/04\\\/IMG-988b8e10ae05bb1a0816e633fb73571f-V-\u2013-kopija-1.jpg\",\"contentUrl\":\"https:\\\/\\\/ks-zdole.si\\\/wp-content\\\/uploads\\\/2024\\\/04\\\/IMG-988b8e10ae05bb1a0816e633fb73571f-V-\u2013-kopija-1.jpg\",\"width\":1600,\"height\":1200},{\"@type\":\"BreadcrumbList\",\"@id\":\"https:\\\/\\\/ks-zdole.si\\\/index.php\\\/2024\\\/04\\\/25\\\/slavnostna-prireditev-ob-krajevnem-prazniku-zdole\\\/#breadcrumb\",\"itemListElement\":[{\"@type\":\"ListItem\",\"position\":1,\"name\":\"Home\",\"item\":\"https:\\\/\\\/ks-zdole.si\\\/\"},{\"@type\":\"ListItem\",\"position\":2,\"name\":\"Slavnostna prireditev ob krajevnem prazniku Zdole\"}]},{\"@type\":\"WebSite\",\"@id\":\"https:\\\/\\\/ks-zdole.si\\\/#website\",\"url\":\"https:\\\/\\\/ks-zdole.si\\\/\",\"name\":\"KS - ZDOLE\",\"description\":\"Zdole, lu\u010d sveta!\",\"publisher\":{\"@id\":\"https:\\\/\\\/ks-zdole.si\\\/#organization\"},\"potentialAction\":[{\"@type\":\"SearchAction\",\"target\":{\"@type\":\"EntryPoint\",\"urlTemplate\":\"https:\\\/\\\/ks-zdole.si\\\/?s={search_term_string}\"},\"query-input\":{\"@type\":\"PropertyValueSpecification\",\"valueRequired\":true,\"valueName\":\"search_term_string\"}}],\"inLanguage\":\"sl-SI\"},{\"@type\":\"Organization\",\"@id\":\"https:\\\/\\\/ks-zdole.si\\\/#organization\",\"name\":\"KS - ZDOLE\",\"url\":\"https:\\\/\\\/ks-zdole.si\\\/\",\"logo\":{\"@type\":\"ImageObject\",\"inLanguage\":\"sl-SI\",\"@id\":\"https:\\\/\\\/ks-zdole.si\\\/#\\\/schema\\\/logo\\\/image\\\/\",\"url\":\"https:\\\/\\\/ks-zdole.si\\\/wp-content\\\/uploads\\\/2024\\\/04\\\/grb_zdole_150.png\",\"contentUrl\":\"https:\\\/\\\/ks-zdole.si\\\/wp-content\\\/uploads\\\/2024\\\/04\\\/grb_zdole_150.png\",\"width\":150,\"height\":184,\"caption\":\"KS - ZDOLE\"},\"image\":{\"@id\":\"https:\\\/\\\/ks-zdole.si\\\/#\\\/schema\\\/logo\\\/image\\\/\"}},{\"@type\":\"Person\",\"@id\":\"https:\\\/\\\/ks-zdole.si\\\/#\\\/schema\\\/person\\\/46c69c76471568cea99ec633d71742ef\",\"name\":\"Romana \u017dnider\u0161i\u010d\",\"image\":{\"@type\":\"ImageObject\",\"inLanguage\":\"sl-SI\",\"@id\":\"https:\\\/\\\/secure.gravatar.com\\\/avatar\\\/95307d5b8ac88678eb92412a174e6484fa4708824308f5c98163d5cdb331a18a?s=96&d=mm&r=g\",\"url\":\"https:\\\/\\\/secure.gravatar.com\\\/avatar\\\/95307d5b8ac88678eb92412a174e6484fa4708824308f5c98163d5cdb331a18a?s=96&d=mm&r=g\",\"contentUrl\":\"https:\\\/\\\/secure.gravatar.com\\\/avatar\\\/95307d5b8ac88678eb92412a174e6484fa4708824308f5c98163d5cdb331a18a?s=96&d=mm&r=g\",\"caption\":\"Romana \u017dnider\u0161i\u010d\"},\"url\":\"https:\\\/\\\/ks-zdole.si\\\/index.php\\\/author\\\/romana\\\/\"}]}<\/script>\n<!-- \/ Yoast SEO plugin. -->","yoast_head_json":{"title":"Slavnostna prireditev ob krajevnem prazniku Zdole - KS - ZDOLE","robots":{"index":"index","follow":"follow","max-snippet":"max-snippet:-1","max-image-preview":"max-image-preview:large","max-video-preview":"max-video-preview:-1"},"canonical":"https:\/\/ks-zdole.si\/index.php\/2024\/04\/25\/slavnostna-prireditev-ob-krajevnem-prazniku-zdole\/","og_locale":"sl_SI","og_type":"article","og_title":"Slavnostna prireditev ob krajevnem prazniku Zdole - KS - ZDOLE","og_description":"V nedeljo, 21. 4., je v organizaciji THD in soorganizaciji KS Zdole potekala slavnostna prireditev ob krajevnem prazniku, ki vsako leto obogati zaklju\u010dek tradicionalnega farnega praznika &#8211; Jurjevanja na Zdolah. Moderatorka prireditve in hkrati predsednica THD Zdole, je po uvodni misli \u010dastni pozdrav ob tej \u010dudoviti prilo\u017enosti namenila \u017eupanu Mestne ob\u010dine Kr\u0161ko, g. Janezu Kerinu, [&hellip;]","og_url":"https:\/\/ks-zdole.si\/index.php\/2024\/04\/25\/slavnostna-prireditev-ob-krajevnem-prazniku-zdole\/","og_site_name":"KS - ZDOLE","article_published_time":"2024-04-25T10:56:49+00:00","article_modified_time":"2024-04-25T15:32:03+00:00","og_image":[{"width":1600,"height":1200,"url":"https:\/\/ks-zdole.si\/wp-content\/uploads\/2024\/04\/IMG-988b8e10ae05bb1a0816e633fb73571f-V-\u2013-kopija-1.jpg","type":"image\/jpeg"}],"author":"Romana \u017dnider\u0161i\u010d","twitter_card":"summary_large_image","twitter_misc":{"Written by":"Romana \u017dnider\u0161i\u010d","Est. reading time":"6 minut"},"schema":{"@context":"https:\/\/schema.org","@graph":[{"@type":"Article","@id":"https:\/\/ks-zdole.si\/index.php\/2024\/04\/25\/slavnostna-prireditev-ob-krajevnem-prazniku-zdole\/#article","isPartOf":{"@id":"https:\/\/ks-zdole.si\/index.php\/2024\/04\/25\/slavnostna-prireditev-ob-krajevnem-prazniku-zdole\/"},"author":{"name":"Romana \u017dnider\u0161i\u010d","@id":"https:\/\/ks-zdole.si\/#\/schema\/person\/46c69c76471568cea99ec633d71742ef"},"headline":"Slavnostna prireditev ob krajevnem prazniku Zdole","datePublished":"2024-04-25T10:56:49+00:00","dateModified":"2024-04-25T15:32:03+00:00","mainEntityOfPage":{"@id":"https:\/\/ks-zdole.si\/index.php\/2024\/04\/25\/slavnostna-prireditev-ob-krajevnem-prazniku-zdole\/"},"wordCount":767,"commentCount":0,"publisher":{"@id":"https:\/\/ks-zdole.si\/#organization"},"image":{"@id":"https:\/\/ks-zdole.si\/index.php\/2024\/04\/25\/slavnostna-prireditev-ob-krajevnem-prazniku-zdole\/#primaryimage"},"thumbnailUrl":"https:\/\/ks-zdole.si\/wp-content\/uploads\/2024\/04\/IMG-988b8e10ae05bb1a0816e633fb73571f-V-\u2013-kopija-1.jpg","articleSection":["DRU\u0160TVA","KS-ZDOLE","THD ZDOLE"],"inLanguage":"sl-SI","potentialAction":[{"@type":"CommentAction","name":"Comment","target":["https:\/\/ks-zdole.si\/index.php\/2024\/04\/25\/slavnostna-prireditev-ob-krajevnem-prazniku-zdole\/#respond"]}]},{"@type":"WebPage","@id":"https:\/\/ks-zdole.si\/index.php\/2024\/04\/25\/slavnostna-prireditev-ob-krajevnem-prazniku-zdole\/","url":"https:\/\/ks-zdole.si\/index.php\/2024\/04\/25\/slavnostna-prireditev-ob-krajevnem-prazniku-zdole\/","name":"Slavnostna prireditev ob krajevnem prazniku Zdole - KS - ZDOLE","isPartOf":{"@id":"https:\/\/ks-zdole.si\/#website"},"primaryImageOfPage":{"@id":"https:\/\/ks-zdole.si\/index.php\/2024\/04\/25\/slavnostna-prireditev-ob-krajevnem-prazniku-zdole\/#primaryimage"},"image":{"@id":"https:\/\/ks-zdole.si\/index.php\/2024\/04\/25\/slavnostna-prireditev-ob-krajevnem-prazniku-zdole\/#primaryimage"},"thumbnailUrl":"https:\/\/ks-zdole.si\/wp-content\/uploads\/2024\/04\/IMG-988b8e10ae05bb1a0816e633fb73571f-V-\u2013-kopija-1.jpg","datePublished":"2024-04-25T10:56:49+00:00","dateModified":"2024-04-25T15:32:03+00:00","breadcrumb":{"@id":"https:\/\/ks-zdole.si\/index.php\/2024\/04\/25\/slavnostna-prireditev-ob-krajevnem-prazniku-zdole\/#breadcrumb"},"inLanguage":"sl-SI","potentialAction":[{"@type":"ReadAction","target":["https:\/\/ks-zdole.si\/index.php\/2024\/04\/25\/slavnostna-prireditev-ob-krajevnem-prazniku-zdole\/"]}]},{"@type":"ImageObject","inLanguage":"sl-SI","@id":"https:\/\/ks-zdole.si\/index.php\/2024\/04\/25\/slavnostna-prireditev-ob-krajevnem-prazniku-zdole\/#primaryimage","url":"https:\/\/ks-zdole.si\/wp-content\/uploads\/2024\/04\/IMG-988b8e10ae05bb1a0816e633fb73571f-V-\u2013-kopija-1.jpg","contentUrl":"https:\/\/ks-zdole.si\/wp-content\/uploads\/2024\/04\/IMG-988b8e10ae05bb1a0816e633fb73571f-V-\u2013-kopija-1.jpg","width":1600,"height":1200},{"@type":"BreadcrumbList","@id":"https:\/\/ks-zdole.si\/index.php\/2024\/04\/25\/slavnostna-prireditev-ob-krajevnem-prazniku-zdole\/#breadcrumb","itemListElement":[{"@type":"ListItem","position":1,"name":"Home","item":"https:\/\/ks-zdole.si\/"},{"@type":"ListItem","position":2,"name":"Slavnostna prireditev ob krajevnem prazniku Zdole"}]},{"@type":"WebSite","@id":"https:\/\/ks-zdole.si\/#website","url":"https:\/\/ks-zdole.si\/","name":"KS - ZDOLE","description":"Zdole, lu\u010d sveta!","publisher":{"@id":"https:\/\/ks-zdole.si\/#organization"},"potentialAction":[{"@type":"SearchAction","target":{"@type":"EntryPoint","urlTemplate":"https:\/\/ks-zdole.si\/?s={search_term_string}"},"query-input":{"@type":"PropertyValueSpecification","valueRequired":true,"valueName":"search_term_string"}}],"inLanguage":"sl-SI"},{"@type":"Organization","@id":"https:\/\/ks-zdole.si\/#organization","name":"KS - ZDOLE","url":"https:\/\/ks-zdole.si\/","logo":{"@type":"ImageObject","inLanguage":"sl-SI","@id":"https:\/\/ks-zdole.si\/#\/schema\/logo\/image\/","url":"https:\/\/ks-zdole.si\/wp-content\/uploads\/2024\/04\/grb_zdole_150.png","contentUrl":"https:\/\/ks-zdole.si\/wp-content\/uploads\/2024\/04\/grb_zdole_150.png","width":150,"height":184,"caption":"KS - ZDOLE"},"image":{"@id":"https:\/\/ks-zdole.si\/#\/schema\/logo\/image\/"}},{"@type":"Person","@id":"https:\/\/ks-zdole.si\/#\/schema\/person\/46c69c76471568cea99ec633d71742ef","name":"Romana \u017dnider\u0161i\u010d","image":{"@type":"ImageObject","inLanguage":"sl-SI","@id":"https:\/\/secure.gravatar.com\/avatar\/95307d5b8ac88678eb92412a174e6484fa4708824308f5c98163d5cdb331a18a?s=96&d=mm&r=g","url":"https:\/\/secure.gravatar.com\/avatar\/95307d5b8ac88678eb92412a174e6484fa4708824308f5c98163d5cdb331a18a?s=96&d=mm&r=g","contentUrl":"https:\/\/secure.gravatar.com\/avatar\/95307d5b8ac88678eb92412a174e6484fa4708824308f5c98163d5cdb331a18a?s=96&d=mm&r=g","caption":"Romana \u017dnider\u0161i\u010d"},"url":"https:\/\/ks-zdole.si\/index.php\/author\/romana\/"}]}},"_links":{"self":[{"href":"https:\/\/ks-zdole.si\/index.php\/wp-json\/wp\/v2\/posts\/4586","targetHints":{"allow":["GET"]}}],"collection":[{"href":"https:\/\/ks-zdole.si\/index.php\/wp-json\/wp\/v2\/posts"}],"about":[{"href":"https:\/\/ks-zdole.si\/index.php\/wp-json\/wp\/v2\/types\/post"}],"author":[{"embeddable":true,"href":"https:\/\/ks-zdole.si\/index.php\/wp-json\/wp\/v2\/users\/4"}],"replies":[{"embeddable":true,"href":"https:\/\/ks-zdole.si\/index.php\/wp-json\/wp\/v2\/comments?post=4586"}],"version-history":[{"count":3,"href":"https:\/\/ks-zdole.si\/index.php\/wp-json\/wp\/v2\/posts\/4586\/revisions"}],"predecessor-version":[{"id":4687,"href":"https:\/\/ks-zdole.si\/index.php\/wp-json\/wp\/v2\/posts\/4586\/revisions\/4687"}],"wp:featuredmedia":[{"embeddable":true,"href":"https:\/\/ks-zdole.si\/index.php\/wp-json\/wp\/v2\/media\/4592"}],"wp:attachment":[{"href":"https:\/\/ks-zdole.si\/index.php\/wp-json\/wp\/v2\/media?parent=4586"}],"wp:term":[{"taxonomy":"category","embeddable":true,"href":"https:\/\/ks-zdole.si\/index.php\/wp-json\/wp\/v2\/categories?post=4586"},{"taxonomy":"post_tag","embeddable":true,"href":"https:\/\/ks-zdole.si\/index.php\/wp-json\/wp\/v2\/tags?post=4586"}],"curies":[{"name":"wp","href":"https:\/\/api.w.org\/{rel}","templated":true}]}}