
{"id":3640,"date":"2023-11-19T20:35:26","date_gmt":"2023-11-19T19:35:26","guid":{"rendered":"https:\/\/ks-zdole.si\/?p=3640"},"modified":"2023-11-21T12:44:57","modified_gmt":"2023-11-21T11:44:57","slug":"mladi-v-akciji-delavnica-za-mlade-na-zdolah","status":"publish","type":"post","link":"https:\/\/ks-zdole.si\/index.php\/2023\/11\/19\/mladi-v-akciji-delavnica-za-mlade-na-zdolah\/","title":{"rendered":"MLADI V AKCIJI: DELAVNICA ZA MLADE NA ZDOLAH"},"content":{"rendered":"\n<p>Prihaja nova prilo\u017enost za mlade v mestni ob\u010dini Kr\u0161ko, saj se bo <strong>22. novembra 2023 ob 16.30<\/strong> odvijala naslednja delavnica za oblikovanje Lokalnega programa za mlade. Tokrat se sre\u010damo v <strong>prostorih Krajevne skupnosti Zdole<\/strong>.<\/p>\n\n\n\n<p>Priprava Lokalnega programa temelji na va\u0161em mnenju. Mladi ste klju\u010dna skupina prebivalstva in va\u0161e potrebe ter \u017eelje so v ospredju na\u0161ih prizadevanj. <strong>Kaj si \u017eelite? Kje vidite prilo\u017enosti in izzive na Zdolah? Katere spremembe bodo izbolj\u0161ale kakovost \u017eivljenja mladih?<\/strong> Na te in mnoge druge izzive i\u0161\u010demo odgovore.<\/p>\n\n\n\n<p>Mladi ste tisti, ki boste program \u017eiveli in koristili, zato je va\u0161a udele\u017eba klju\u010dnega pomena pri oblikovanju ukrepov, ki bodo podprli va\u0161o rast, razvoj in kakovostno \u017eivljenje v na\u0161i skupnosti.<\/p>\n\n\n\n<p>Vabljeni ste vsi mladi iz Zdol in \u0161ir\u0161e okolice, da se pridru\u017eite dialogu in soustvarjanju prihodnosti. To je prilo\u017enost, kjer lahko svoj glas izrazite na jasen in u\u010dinkovit na\u010din.<\/p>\n\n\n\n<figure class=\"wp-block-image size-large\"><img loading=\"lazy\" decoding=\"async\" width=\"1024\" height=\"1024\" src=\"https:\/\/ks-zdole.si\/wp-content\/uploads\/2023\/11\/delavnica-22.11.2023_slika-za-spletno-stran-1024x1024.jpg\" alt=\"\" class=\"wp-image-3673\" srcset=\"https:\/\/ks-zdole.si\/wp-content\/uploads\/2023\/11\/delavnica-22.11.2023_slika-za-spletno-stran-1024x1024.jpg 1024w, https:\/\/ks-zdole.si\/wp-content\/uploads\/2023\/11\/delavnica-22.11.2023_slika-za-spletno-stran-300x300.jpg 300w, https:\/\/ks-zdole.si\/wp-content\/uploads\/2023\/11\/delavnica-22.11.2023_slika-za-spletno-stran-100x100.jpg 100w, https:\/\/ks-zdole.si\/wp-content\/uploads\/2023\/11\/delavnica-22.11.2023_slika-za-spletno-stran-600x600.jpg 600w, https:\/\/ks-zdole.si\/wp-content\/uploads\/2023\/11\/delavnica-22.11.2023_slika-za-spletno-stran-150x150.jpg 150w, https:\/\/ks-zdole.si\/wp-content\/uploads\/2023\/11\/delavnica-22.11.2023_slika-za-spletno-stran-768x768.jpg 768w, https:\/\/ks-zdole.si\/wp-content\/uploads\/2023\/11\/delavnica-22.11.2023_slika-za-spletno-stran.jpg 1080w\" sizes=\"auto, (max-width: 1024px) 100vw, 1024px\" \/><\/figure>\n\n\n\n<p>Skupaj bomo oblikovali program, ki bo slu\u017eil mladim v naslednjih petih letih (2024\u20132028). Na\u0161a skupna naloga je zagotoviti, da bodo ukrepi prilagojeni potrebam mladih in da bodo prispevali k izbolj\u0161anju kakovosti \u017eivljenja.<\/p>\n\n\n\n<p>Mestna ob\u010dina Kr\u0161ko, Zavod za \u0161port in mladino Kr\u0161ko ter In\u0161titut za mladinsko politiko bomo skupaj oblikovali re\u0161itve in ukrepe, ki bodo odgovarjali na va\u0161e potrebe. Va\u0161a prisotnost in sodelovanje sta neprecenljiva.<\/p>\n\n\n\n<p>Izrazite svoje \u017eelje, delite svoje izku\u0161nje in prispevajte k oblikovanju programa, ki bo koristil prihodnjim generacijam mladih na Zdolah. Va\u0161a prisotnost bo naredila razliko! Pridru\u017eite se nam na delavnici in pomagajte soustvariti bolj\u0161o prihodnost za mlade v na\u0161i ob\u010dini.<\/p>\n\n\n\n<p><strong>Va\u0161 glas \u0161teje in skupaj lahko naredimo pomembne spremembe.<\/strong><\/p>\n","protected":false},"excerpt":{"rendered":"<p>Prihaja nova prilo\u017enost za mlade v mestni ob\u010dini Kr\u0161ko, saj se bo 22. novembra 2023 ob 16.30 odvijala naslednja delavnica za oblikovanje Lokalnega programa za mlade. Tokrat se sre\u010damo v prostorih Krajevne skupnosti Zdole. Priprava Lokalnega programa temelji na va\u0161em mnenju. Mladi ste klju\u010dna skupina prebivalstva in va\u0161e potrebe ter \u017eelje so v ospredju na\u0161ih [&hellip;]<\/p>\n","protected":false},"author":1,"featured_media":3673,"comment_status":"closed","ping_status":"closed","sticky":false,"template":"","format":"standard","meta":{"footnotes":""},"categories":[73],"tags":[],"class_list":["post-3640","post","type-post","status-publish","format-standard","has-post-thumbnail","hentry","category-ks-zdole"],"yoast_head":"<!-- This site is optimized with the Yoast SEO plugin v27.5 - https:\/\/yoast.com\/product\/yoast-seo-wordpress\/ -->\n<title>MLADI V AKCIJI: DELAVNICA ZA MLADE NA ZDOLAH - KS - ZDOLE<\/title>\n<meta name=\"robots\" content=\"index, follow, max-snippet:-1, max-image-preview:large, max-video-preview:-1\" \/>\n<link rel=\"canonical\" href=\"https:\/\/ks-zdole.si\/index.php\/2023\/11\/19\/mladi-v-akciji-delavnica-za-mlade-na-zdolah\/\" \/>\n<meta property=\"og:locale\" content=\"sl_SI\" \/>\n<meta property=\"og:type\" content=\"article\" \/>\n<meta property=\"og:title\" content=\"MLADI V AKCIJI: DELAVNICA ZA MLADE NA ZDOLAH - KS - ZDOLE\" \/>\n<meta property=\"og:description\" content=\"Prihaja nova prilo\u017enost za mlade v mestni ob\u010dini Kr\u0161ko, saj se bo 22. novembra 2023 ob 16.30 odvijala naslednja delavnica za oblikovanje Lokalnega programa za mlade. Tokrat se sre\u010damo v prostorih Krajevne skupnosti Zdole. Priprava Lokalnega programa temelji na va\u0161em mnenju. Mladi ste klju\u010dna skupina prebivalstva in va\u0161e potrebe ter \u017eelje so v ospredju na\u0161ih [&hellip;]\" \/>\n<meta property=\"og:url\" content=\"https:\/\/ks-zdole.si\/index.php\/2023\/11\/19\/mladi-v-akciji-delavnica-za-mlade-na-zdolah\/\" \/>\n<meta property=\"og:site_name\" content=\"KS - ZDOLE\" \/>\n<meta property=\"article:published_time\" content=\"2023-11-19T19:35:26+00:00\" \/>\n<meta property=\"article:modified_time\" content=\"2023-11-21T11:44:57+00:00\" \/>\n<meta property=\"og:image\" content=\"https:\/\/ks-zdole.si\/wp-content\/uploads\/2023\/11\/delavnica-22.11.2023_slika-za-spletno-stran.jpg\" \/>\n\t<meta property=\"og:image:width\" content=\"1080\" \/>\n\t<meta property=\"og:image:height\" content=\"1080\" \/>\n\t<meta property=\"og:image:type\" content=\"image\/jpeg\" \/>\n<meta name=\"author\" content=\"uredni\u0161tvo\" \/>\n<meta name=\"twitter:card\" content=\"summary_large_image\" \/>\n<meta name=\"twitter:label1\" content=\"Written by\" \/>\n\t<meta name=\"twitter:data1\" content=\"uredni\u0161tvo\" \/>\n\t<meta name=\"twitter:label2\" content=\"Est. reading time\" \/>\n\t<meta name=\"twitter:data2\" content=\"2 minuti\" \/>\n<script type=\"application\/ld+json\" class=\"yoast-schema-graph\">{\"@context\":\"https:\\\/\\\/schema.org\",\"@graph\":[{\"@type\":\"Article\",\"@id\":\"https:\\\/\\\/ks-zdole.si\\\/index.php\\\/2023\\\/11\\\/19\\\/mladi-v-akciji-delavnica-za-mlade-na-zdolah\\\/#article\",\"isPartOf\":{\"@id\":\"https:\\\/\\\/ks-zdole.si\\\/index.php\\\/2023\\\/11\\\/19\\\/mladi-v-akciji-delavnica-za-mlade-na-zdolah\\\/\"},\"author\":{\"name\":\"uredni\u0161tvo\",\"@id\":\"https:\\\/\\\/ks-zdole.si\\\/#\\\/schema\\\/person\\\/59de06a37bd95c4f26ee59fd8c90bedf\"},\"headline\":\"MLADI V AKCIJI: DELAVNICA ZA MLADE NA ZDOLAH\",\"datePublished\":\"2023-11-19T19:35:26+00:00\",\"dateModified\":\"2023-11-21T11:44:57+00:00\",\"mainEntityOfPage\":{\"@id\":\"https:\\\/\\\/ks-zdole.si\\\/index.php\\\/2023\\\/11\\\/19\\\/mladi-v-akciji-delavnica-za-mlade-na-zdolah\\\/\"},\"wordCount\":293,\"publisher\":{\"@id\":\"https:\\\/\\\/ks-zdole.si\\\/#organization\"},\"image\":{\"@id\":\"https:\\\/\\\/ks-zdole.si\\\/index.php\\\/2023\\\/11\\\/19\\\/mladi-v-akciji-delavnica-za-mlade-na-zdolah\\\/#primaryimage\"},\"thumbnailUrl\":\"https:\\\/\\\/ks-zdole.si\\\/wp-content\\\/uploads\\\/2023\\\/11\\\/delavnica-22.11.2023_slika-za-spletno-stran.jpg\",\"articleSection\":[\"KS-ZDOLE\"],\"inLanguage\":\"sl-SI\"},{\"@type\":\"WebPage\",\"@id\":\"https:\\\/\\\/ks-zdole.si\\\/index.php\\\/2023\\\/11\\\/19\\\/mladi-v-akciji-delavnica-za-mlade-na-zdolah\\\/\",\"url\":\"https:\\\/\\\/ks-zdole.si\\\/index.php\\\/2023\\\/11\\\/19\\\/mladi-v-akciji-delavnica-za-mlade-na-zdolah\\\/\",\"name\":\"MLADI V AKCIJI: DELAVNICA ZA MLADE NA ZDOLAH - KS - ZDOLE\",\"isPartOf\":{\"@id\":\"https:\\\/\\\/ks-zdole.si\\\/#website\"},\"primaryImageOfPage\":{\"@id\":\"https:\\\/\\\/ks-zdole.si\\\/index.php\\\/2023\\\/11\\\/19\\\/mladi-v-akciji-delavnica-za-mlade-na-zdolah\\\/#primaryimage\"},\"image\":{\"@id\":\"https:\\\/\\\/ks-zdole.si\\\/index.php\\\/2023\\\/11\\\/19\\\/mladi-v-akciji-delavnica-za-mlade-na-zdolah\\\/#primaryimage\"},\"thumbnailUrl\":\"https:\\\/\\\/ks-zdole.si\\\/wp-content\\\/uploads\\\/2023\\\/11\\\/delavnica-22.11.2023_slika-za-spletno-stran.jpg\",\"datePublished\":\"2023-11-19T19:35:26+00:00\",\"dateModified\":\"2023-11-21T11:44:57+00:00\",\"breadcrumb\":{\"@id\":\"https:\\\/\\\/ks-zdole.si\\\/index.php\\\/2023\\\/11\\\/19\\\/mladi-v-akciji-delavnica-za-mlade-na-zdolah\\\/#breadcrumb\"},\"inLanguage\":\"sl-SI\",\"potentialAction\":[{\"@type\":\"ReadAction\",\"target\":[\"https:\\\/\\\/ks-zdole.si\\\/index.php\\\/2023\\\/11\\\/19\\\/mladi-v-akciji-delavnica-za-mlade-na-zdolah\\\/\"]}]},{\"@type\":\"ImageObject\",\"inLanguage\":\"sl-SI\",\"@id\":\"https:\\\/\\\/ks-zdole.si\\\/index.php\\\/2023\\\/11\\\/19\\\/mladi-v-akciji-delavnica-za-mlade-na-zdolah\\\/#primaryimage\",\"url\":\"https:\\\/\\\/ks-zdole.si\\\/wp-content\\\/uploads\\\/2023\\\/11\\\/delavnica-22.11.2023_slika-za-spletno-stran.jpg\",\"contentUrl\":\"https:\\\/\\\/ks-zdole.si\\\/wp-content\\\/uploads\\\/2023\\\/11\\\/delavnica-22.11.2023_slika-za-spletno-stran.jpg\",\"width\":1080,\"height\":1080},{\"@type\":\"BreadcrumbList\",\"@id\":\"https:\\\/\\\/ks-zdole.si\\\/index.php\\\/2023\\\/11\\\/19\\\/mladi-v-akciji-delavnica-za-mlade-na-zdolah\\\/#breadcrumb\",\"itemListElement\":[{\"@type\":\"ListItem\",\"position\":1,\"name\":\"Home\",\"item\":\"https:\\\/\\\/ks-zdole.si\\\/\"},{\"@type\":\"ListItem\",\"position\":2,\"name\":\"MLADI V AKCIJI: DELAVNICA ZA MLADE NA ZDOLAH\"}]},{\"@type\":\"WebSite\",\"@id\":\"https:\\\/\\\/ks-zdole.si\\\/#website\",\"url\":\"https:\\\/\\\/ks-zdole.si\\\/\",\"name\":\"KS - ZDOLE\",\"description\":\"Zdole, lu\u010d sveta!\",\"publisher\":{\"@id\":\"https:\\\/\\\/ks-zdole.si\\\/#organization\"},\"potentialAction\":[{\"@type\":\"SearchAction\",\"target\":{\"@type\":\"EntryPoint\",\"urlTemplate\":\"https:\\\/\\\/ks-zdole.si\\\/?s={search_term_string}\"},\"query-input\":{\"@type\":\"PropertyValueSpecification\",\"valueRequired\":true,\"valueName\":\"search_term_string\"}}],\"inLanguage\":\"sl-SI\"},{\"@type\":\"Organization\",\"@id\":\"https:\\\/\\\/ks-zdole.si\\\/#organization\",\"name\":\"KS - ZDOLE\",\"url\":\"https:\\\/\\\/ks-zdole.si\\\/\",\"logo\":{\"@type\":\"ImageObject\",\"inLanguage\":\"sl-SI\",\"@id\":\"https:\\\/\\\/ks-zdole.si\\\/#\\\/schema\\\/logo\\\/image\\\/\",\"url\":\"https:\\\/\\\/ks-zdole.si\\\/wp-content\\\/uploads\\\/2024\\\/04\\\/grb_zdole_150.png\",\"contentUrl\":\"https:\\\/\\\/ks-zdole.si\\\/wp-content\\\/uploads\\\/2024\\\/04\\\/grb_zdole_150.png\",\"width\":150,\"height\":184,\"caption\":\"KS - ZDOLE\"},\"image\":{\"@id\":\"https:\\\/\\\/ks-zdole.si\\\/#\\\/schema\\\/logo\\\/image\\\/\"}},{\"@type\":\"Person\",\"@id\":\"https:\\\/\\\/ks-zdole.si\\\/#\\\/schema\\\/person\\\/59de06a37bd95c4f26ee59fd8c90bedf\",\"name\":\"uredni\u0161tvo\",\"image\":{\"@type\":\"ImageObject\",\"inLanguage\":\"sl-SI\",\"@id\":\"https:\\\/\\\/secure.gravatar.com\\\/avatar\\\/34f926b89ca0c9163cd89973540074cb6333d29c68eac5122c3bcd6d78edfeff?s=96&d=mm&r=g\",\"url\":\"https:\\\/\\\/secure.gravatar.com\\\/avatar\\\/34f926b89ca0c9163cd89973540074cb6333d29c68eac5122c3bcd6d78edfeff?s=96&d=mm&r=g\",\"contentUrl\":\"https:\\\/\\\/secure.gravatar.com\\\/avatar\\\/34f926b89ca0c9163cd89973540074cb6333d29c68eac5122c3bcd6d78edfeff?s=96&d=mm&r=g\",\"caption\":\"uredni\u0161tvo\"},\"sameAs\":[\"http:\\\/\\\/ks-zdole.si\"],\"url\":\"https:\\\/\\\/ks-zdole.si\\\/index.php\\\/author\\\/stanislav\\\/\"}]}<\/script>\n<!-- \/ Yoast SEO plugin. -->","yoast_head_json":{"title":"MLADI V AKCIJI: DELAVNICA ZA MLADE NA ZDOLAH - KS - ZDOLE","robots":{"index":"index","follow":"follow","max-snippet":"max-snippet:-1","max-image-preview":"max-image-preview:large","max-video-preview":"max-video-preview:-1"},"canonical":"https:\/\/ks-zdole.si\/index.php\/2023\/11\/19\/mladi-v-akciji-delavnica-za-mlade-na-zdolah\/","og_locale":"sl_SI","og_type":"article","og_title":"MLADI V AKCIJI: DELAVNICA ZA MLADE NA ZDOLAH - KS - ZDOLE","og_description":"Prihaja nova prilo\u017enost za mlade v mestni ob\u010dini Kr\u0161ko, saj se bo 22. novembra 2023 ob 16.30 odvijala naslednja delavnica za oblikovanje Lokalnega programa za mlade. Tokrat se sre\u010damo v prostorih Krajevne skupnosti Zdole. Priprava Lokalnega programa temelji na va\u0161em mnenju. Mladi ste klju\u010dna skupina prebivalstva in va\u0161e potrebe ter \u017eelje so v ospredju na\u0161ih [&hellip;]","og_url":"https:\/\/ks-zdole.si\/index.php\/2023\/11\/19\/mladi-v-akciji-delavnica-za-mlade-na-zdolah\/","og_site_name":"KS - ZDOLE","article_published_time":"2023-11-19T19:35:26+00:00","article_modified_time":"2023-11-21T11:44:57+00:00","og_image":[{"width":1080,"height":1080,"url":"https:\/\/ks-zdole.si\/wp-content\/uploads\/2023\/11\/delavnica-22.11.2023_slika-za-spletno-stran.jpg","type":"image\/jpeg"}],"author":"uredni\u0161tvo","twitter_card":"summary_large_image","twitter_misc":{"Written by":"uredni\u0161tvo","Est. reading time":"2 minuti"},"schema":{"@context":"https:\/\/schema.org","@graph":[{"@type":"Article","@id":"https:\/\/ks-zdole.si\/index.php\/2023\/11\/19\/mladi-v-akciji-delavnica-za-mlade-na-zdolah\/#article","isPartOf":{"@id":"https:\/\/ks-zdole.si\/index.php\/2023\/11\/19\/mladi-v-akciji-delavnica-za-mlade-na-zdolah\/"},"author":{"name":"uredni\u0161tvo","@id":"https:\/\/ks-zdole.si\/#\/schema\/person\/59de06a37bd95c4f26ee59fd8c90bedf"},"headline":"MLADI V AKCIJI: DELAVNICA ZA MLADE NA ZDOLAH","datePublished":"2023-11-19T19:35:26+00:00","dateModified":"2023-11-21T11:44:57+00:00","mainEntityOfPage":{"@id":"https:\/\/ks-zdole.si\/index.php\/2023\/11\/19\/mladi-v-akciji-delavnica-za-mlade-na-zdolah\/"},"wordCount":293,"publisher":{"@id":"https:\/\/ks-zdole.si\/#organization"},"image":{"@id":"https:\/\/ks-zdole.si\/index.php\/2023\/11\/19\/mladi-v-akciji-delavnica-za-mlade-na-zdolah\/#primaryimage"},"thumbnailUrl":"https:\/\/ks-zdole.si\/wp-content\/uploads\/2023\/11\/delavnica-22.11.2023_slika-za-spletno-stran.jpg","articleSection":["KS-ZDOLE"],"inLanguage":"sl-SI"},{"@type":"WebPage","@id":"https:\/\/ks-zdole.si\/index.php\/2023\/11\/19\/mladi-v-akciji-delavnica-za-mlade-na-zdolah\/","url":"https:\/\/ks-zdole.si\/index.php\/2023\/11\/19\/mladi-v-akciji-delavnica-za-mlade-na-zdolah\/","name":"MLADI V AKCIJI: DELAVNICA ZA MLADE NA ZDOLAH - KS - ZDOLE","isPartOf":{"@id":"https:\/\/ks-zdole.si\/#website"},"primaryImageOfPage":{"@id":"https:\/\/ks-zdole.si\/index.php\/2023\/11\/19\/mladi-v-akciji-delavnica-za-mlade-na-zdolah\/#primaryimage"},"image":{"@id":"https:\/\/ks-zdole.si\/index.php\/2023\/11\/19\/mladi-v-akciji-delavnica-za-mlade-na-zdolah\/#primaryimage"},"thumbnailUrl":"https:\/\/ks-zdole.si\/wp-content\/uploads\/2023\/11\/delavnica-22.11.2023_slika-za-spletno-stran.jpg","datePublished":"2023-11-19T19:35:26+00:00","dateModified":"2023-11-21T11:44:57+00:00","breadcrumb":{"@id":"https:\/\/ks-zdole.si\/index.php\/2023\/11\/19\/mladi-v-akciji-delavnica-za-mlade-na-zdolah\/#breadcrumb"},"inLanguage":"sl-SI","potentialAction":[{"@type":"ReadAction","target":["https:\/\/ks-zdole.si\/index.php\/2023\/11\/19\/mladi-v-akciji-delavnica-za-mlade-na-zdolah\/"]}]},{"@type":"ImageObject","inLanguage":"sl-SI","@id":"https:\/\/ks-zdole.si\/index.php\/2023\/11\/19\/mladi-v-akciji-delavnica-za-mlade-na-zdolah\/#primaryimage","url":"https:\/\/ks-zdole.si\/wp-content\/uploads\/2023\/11\/delavnica-22.11.2023_slika-za-spletno-stran.jpg","contentUrl":"https:\/\/ks-zdole.si\/wp-content\/uploads\/2023\/11\/delavnica-22.11.2023_slika-za-spletno-stran.jpg","width":1080,"height":1080},{"@type":"BreadcrumbList","@id":"https:\/\/ks-zdole.si\/index.php\/2023\/11\/19\/mladi-v-akciji-delavnica-za-mlade-na-zdolah\/#breadcrumb","itemListElement":[{"@type":"ListItem","position":1,"name":"Home","item":"https:\/\/ks-zdole.si\/"},{"@type":"ListItem","position":2,"name":"MLADI V AKCIJI: DELAVNICA ZA MLADE NA ZDOLAH"}]},{"@type":"WebSite","@id":"https:\/\/ks-zdole.si\/#website","url":"https:\/\/ks-zdole.si\/","name":"KS - ZDOLE","description":"Zdole, lu\u010d sveta!","publisher":{"@id":"https:\/\/ks-zdole.si\/#organization"},"potentialAction":[{"@type":"SearchAction","target":{"@type":"EntryPoint","urlTemplate":"https:\/\/ks-zdole.si\/?s={search_term_string}"},"query-input":{"@type":"PropertyValueSpecification","valueRequired":true,"valueName":"search_term_string"}}],"inLanguage":"sl-SI"},{"@type":"Organization","@id":"https:\/\/ks-zdole.si\/#organization","name":"KS - ZDOLE","url":"https:\/\/ks-zdole.si\/","logo":{"@type":"ImageObject","inLanguage":"sl-SI","@id":"https:\/\/ks-zdole.si\/#\/schema\/logo\/image\/","url":"https:\/\/ks-zdole.si\/wp-content\/uploads\/2024\/04\/grb_zdole_150.png","contentUrl":"https:\/\/ks-zdole.si\/wp-content\/uploads\/2024\/04\/grb_zdole_150.png","width":150,"height":184,"caption":"KS - ZDOLE"},"image":{"@id":"https:\/\/ks-zdole.si\/#\/schema\/logo\/image\/"}},{"@type":"Person","@id":"https:\/\/ks-zdole.si\/#\/schema\/person\/59de06a37bd95c4f26ee59fd8c90bedf","name":"uredni\u0161tvo","image":{"@type":"ImageObject","inLanguage":"sl-SI","@id":"https:\/\/secure.gravatar.com\/avatar\/34f926b89ca0c9163cd89973540074cb6333d29c68eac5122c3bcd6d78edfeff?s=96&d=mm&r=g","url":"https:\/\/secure.gravatar.com\/avatar\/34f926b89ca0c9163cd89973540074cb6333d29c68eac5122c3bcd6d78edfeff?s=96&d=mm&r=g","contentUrl":"https:\/\/secure.gravatar.com\/avatar\/34f926b89ca0c9163cd89973540074cb6333d29c68eac5122c3bcd6d78edfeff?s=96&d=mm&r=g","caption":"uredni\u0161tvo"},"sameAs":["http:\/\/ks-zdole.si"],"url":"https:\/\/ks-zdole.si\/index.php\/author\/stanislav\/"}]}},"_links":{"self":[{"href":"https:\/\/ks-zdole.si\/index.php\/wp-json\/wp\/v2\/posts\/3640","targetHints":{"allow":["GET"]}}],"collection":[{"href":"https:\/\/ks-zdole.si\/index.php\/wp-json\/wp\/v2\/posts"}],"about":[{"href":"https:\/\/ks-zdole.si\/index.php\/wp-json\/wp\/v2\/types\/post"}],"author":[{"embeddable":true,"href":"https:\/\/ks-zdole.si\/index.php\/wp-json\/wp\/v2\/users\/1"}],"replies":[{"embeddable":true,"href":"https:\/\/ks-zdole.si\/index.php\/wp-json\/wp\/v2\/comments?post=3640"}],"version-history":[{"count":3,"href":"https:\/\/ks-zdole.si\/index.php\/wp-json\/wp\/v2\/posts\/3640\/revisions"}],"predecessor-version":[{"id":3674,"href":"https:\/\/ks-zdole.si\/index.php\/wp-json\/wp\/v2\/posts\/3640\/revisions\/3674"}],"wp:featuredmedia":[{"embeddable":true,"href":"https:\/\/ks-zdole.si\/index.php\/wp-json\/wp\/v2\/media\/3673"}],"wp:attachment":[{"href":"https:\/\/ks-zdole.si\/index.php\/wp-json\/wp\/v2\/media?parent=3640"}],"wp:term":[{"taxonomy":"category","embeddable":true,"href":"https:\/\/ks-zdole.si\/index.php\/wp-json\/wp\/v2\/categories?post=3640"},{"taxonomy":"post_tag","embeddable":true,"href":"https:\/\/ks-zdole.si\/index.php\/wp-json\/wp\/v2\/tags?post=3640"}],"curies":[{"name":"wp","href":"https:\/\/api.w.org\/{rel}","templated":true}]}}