
{"id":2233,"date":"2023-04-03T03:57:49","date_gmt":"2023-04-03T02:57:49","guid":{"rendered":"https:\/\/ks-zdole.si\/?p=2233"},"modified":"2023-08-27T04:13:31","modified_gmt":"2023-08-27T03:13:31","slug":"cvetna-nedelja-na-zdolah","status":"publish","type":"post","link":"https:\/\/ks-zdole.si\/index.php\/2023\/04\/03\/cvetna-nedelja-na-zdolah\/","title":{"rendered":"CVETNA NEDELJA NA ZDOLAH"},"content":{"rendered":"\n<p>V Turisti\u010dnem hortikulturnem dru\u0161tvu Zdole (THD) so obele\u017eili cvetno nedeljo. Najprej so v dopoldanskih urah \u010dlani THD obogatili okolico Doma krajanov z \u00bbvelikono\u010dno pripovedko\u00ab, \u010dasu primerno zunanjo dekoracijo, ki so jo vzpostavili tudi pri va\u0161ki kapelici, popoldanske ure pa namenili najmlaj\u0161im krajanom.<\/p>\n\n\n\n<p><a href=\"https:\/\/www.posavskiobzornik.si\/images\/imgKatalogIzdelek\/max\/264686.jpg\"><\/a>Z velikono\u010dnimi dekoracijami so \u010dlani THD okrasili okolico ve\u010dnamenskega doma in va\u0161ke kapeliceTi so se najprej v Domu Bena Zupan\u010di\u010da organizirani velikono\u010dni delavnici preizkusili v ro\u010dnih spretnostih in si ob pomo\u010di \u010dlanic <strong>Liljane<\/strong> in<strong> Slavice<\/strong>, ki sta ve\u0161\u010di tudi \u0161iviljskih znanj, za\u0161ili simpati\u010dne koko\u0161ke iz blaga, po kon\u010dani delavnici pa so zanje in ostale zainteresirane obiskovalce v Domu krajanov organizirali \u0161e ogled lutkovne predstave Trije pra\u0161i\u010dki v izvedbi Grajskega lutkovnega gledali\u0161\u010da Sevnica.<br><\/p>\n\n\n\n<p><a href=\"https:\/\/www.posavskiobzornik.si\/images\/imgKatalogIzdelek\/max\/264698.jpg\"><\/a>\u010clanici sevni\u0161kega lutkovnega gledali\u0161\u010da sta navzo\u010de navdu\u0161ili z igrico Trije pra\u0161i\u010dki.\u00bbVeseli nas, da smo lahko na\u0161im otrokom polep\u0161ali dan in ga skupaj z njimi obogatili z dejavnostmi, ki se povezujejo in prepletajo z ostalimi aktivnostmi na\u0161ega dru\u0161tva, bodisi s sodelovanjem na \u010distilnih akcijah v kraju bodisi z nastopi na krajevnih prireditvah, okrasitvami odrske scene ipd. Vsekakor si bomo prizadevali za tovrstno medgeneracijsko povezovanje tudi v prihodnje,\u00ab nam je sporo\u010dila predsednica THD Zdole <strong>Romana \u017dnider\u0161i\u010d<\/strong>.<\/p>\n\n\n\n<div style=\"height:30px\" aria-hidden=\"true\" class=\"wp-block-spacer\"><\/div>\n\n\n\n<script type=\"text\/javascript\">\r\ndocument.addEventListener(\"DOMContentLoaded\", function(event) { \r\n\tjQuery( '#slider-pro-3-2242' ).sliderPro({\r\n\t\t\/\/width\r\n\t\t\t\twidth: 1000,\r\n\t\t\t\t\r\n\t\t\/\/height\r\n\t\t\t\theight: 500,\r\n\t\t\t\t\r\n\t\t\/\/auto play\r\n\t\t\t\tautoplay:  true,\r\n\t\tautoplayOnHover: 'none',\r\n\t\t\t\t\t\t\t\tautoplayDelay: 5000,\r\n\t\t\r\n\t\t\r\n\t\tarrows: true,\r\n\t\tbuttons: true,\r\n\t\tsmallSize: 500,\r\n\t\tmediumSize: 1000,\r\n\t\tlargeSize: 3000,\r\n\t\tfade: true,\r\n\t\t\r\n\t\t\/\/thumbnail\r\n\t\tthumbnailArrows: true,\r\n\t\tthumbnailWidth: 120,\r\n\t\tthumbnailHeight: 120,\r\n\t\t\t\t\t\tthumbnailsPosition: 'bottom',\r\n\t\t\t\t\t\tcenterImage: true,\r\n\t\timageScaleMode: 'cover',\r\n\t\tallowScaleUp: true,\r\n\t\t\t\tstartSlide: 0,\r\n\t\tloop: true,\r\n\t\tslideDistance: 5,\r\n\t\tautoplayDirection: 'normal',\r\n\t\ttouchSwipe: true,\r\n\t\tfullScreen: true,\r\n\t});\r\n});\r\n<\/script>\r\n\r\n<div id=\"uris-slider-title\">\r\n\t<h3 class=\"uris-slider-post-title\">CVETNA NEDELJA NA ZDOLAH<\/h3>\r\n<\/div>\r\n <div class=\"slides-not-found\"><i class=\"fa fa-times-circle\"><\/i> No Slide Found In Slider.<\/div> \n","protected":false},"excerpt":{"rendered":"<p>V Turisti\u010dnem hortikulturnem dru\u0161tvu Zdole (THD) so obele\u017eili cvetno nedeljo. Najprej so v dopoldanskih urah \u010dlani THD obogatili okolico Doma krajanov z \u00bbvelikono\u010dno pripovedko\u00ab, \u010dasu primerno zunanjo dekoracijo, ki so jo vzpostavili tudi pri va\u0161ki kapelici, popoldanske ure pa namenili najmlaj\u0161im krajanom. Z velikono\u010dnimi dekoracijami so \u010dlani THD okrasili okolico ve\u010dnamenskega doma in va\u0161ke kapeliceTi [&hellip;]<\/p>\n","protected":false},"author":1,"featured_media":0,"comment_status":"closed","ping_status":"closed","sticky":false,"template":"","format":"standard","meta":{"footnotes":""},"categories":[23],"tags":[],"class_list":["post-2233","post","type-post","status-publish","format-standard","hentry","category-turisticno-hortikulturno-drustvo-zdole"],"yoast_head":"<!-- This site is optimized with the Yoast SEO plugin v27.5 - https:\/\/yoast.com\/product\/yoast-seo-wordpress\/ -->\n<title>CVETNA NEDELJA NA ZDOLAH - KS - ZDOLE<\/title>\n<meta name=\"robots\" content=\"index, follow, max-snippet:-1, max-image-preview:large, max-video-preview:-1\" \/>\n<link rel=\"canonical\" href=\"https:\/\/ks-zdole.si\/index.php\/2023\/04\/03\/cvetna-nedelja-na-zdolah\/\" \/>\n<meta property=\"og:locale\" content=\"sl_SI\" \/>\n<meta property=\"og:type\" content=\"article\" \/>\n<meta property=\"og:title\" content=\"CVETNA NEDELJA NA ZDOLAH - KS - ZDOLE\" \/>\n<meta property=\"og:description\" content=\"V Turisti\u010dnem hortikulturnem dru\u0161tvu Zdole (THD) so obele\u017eili cvetno nedeljo. Najprej so v dopoldanskih urah \u010dlani THD obogatili okolico Doma krajanov z \u00bbvelikono\u010dno pripovedko\u00ab, \u010dasu primerno zunanjo dekoracijo, ki so jo vzpostavili tudi pri va\u0161ki kapelici, popoldanske ure pa namenili najmlaj\u0161im krajanom. Z velikono\u010dnimi dekoracijami so \u010dlani THD okrasili okolico ve\u010dnamenskega doma in va\u0161ke kapeliceTi [&hellip;]\" \/>\n<meta property=\"og:url\" content=\"https:\/\/ks-zdole.si\/index.php\/2023\/04\/03\/cvetna-nedelja-na-zdolah\/\" \/>\n<meta property=\"og:site_name\" content=\"KS - ZDOLE\" \/>\n<meta property=\"article:published_time\" content=\"2023-04-03T02:57:49+00:00\" \/>\n<meta property=\"article:modified_time\" content=\"2023-08-27T03:13:31+00:00\" \/>\n<meta name=\"author\" content=\"uredni\u0161tvo\" \/>\n<meta name=\"twitter:card\" content=\"summary_large_image\" \/>\n<meta name=\"twitter:label1\" content=\"Written by\" \/>\n\t<meta name=\"twitter:data1\" content=\"uredni\u0161tvo\" \/>\n\t<meta name=\"twitter:label2\" content=\"Est. reading time\" \/>\n\t<meta name=\"twitter:data2\" content=\"1 minuta\" \/>\n<script type=\"application\/ld+json\" class=\"yoast-schema-graph\">{\"@context\":\"https:\\\/\\\/schema.org\",\"@graph\":[{\"@type\":\"Article\",\"@id\":\"https:\\\/\\\/ks-zdole.si\\\/index.php\\\/2023\\\/04\\\/03\\\/cvetna-nedelja-na-zdolah\\\/#article\",\"isPartOf\":{\"@id\":\"https:\\\/\\\/ks-zdole.si\\\/index.php\\\/2023\\\/04\\\/03\\\/cvetna-nedelja-na-zdolah\\\/\"},\"author\":{\"name\":\"uredni\u0161tvo\",\"@id\":\"https:\\\/\\\/ks-zdole.si\\\/#\\\/schema\\\/person\\\/59de06a37bd95c4f26ee59fd8c90bedf\"},\"headline\":\"CVETNA NEDELJA NA ZDOLAH\",\"datePublished\":\"2023-04-03T02:57:49+00:00\",\"dateModified\":\"2023-08-27T03:13:31+00:00\",\"mainEntityOfPage\":{\"@id\":\"https:\\\/\\\/ks-zdole.si\\\/index.php\\\/2023\\\/04\\\/03\\\/cvetna-nedelja-na-zdolah\\\/\"},\"wordCount\":229,\"publisher\":{\"@id\":\"https:\\\/\\\/ks-zdole.si\\\/#organization\"},\"articleSection\":[\"THD ZDOLE\"],\"inLanguage\":\"sl-SI\"},{\"@type\":\"WebPage\",\"@id\":\"https:\\\/\\\/ks-zdole.si\\\/index.php\\\/2023\\\/04\\\/03\\\/cvetna-nedelja-na-zdolah\\\/\",\"url\":\"https:\\\/\\\/ks-zdole.si\\\/index.php\\\/2023\\\/04\\\/03\\\/cvetna-nedelja-na-zdolah\\\/\",\"name\":\"CVETNA NEDELJA NA ZDOLAH - KS - ZDOLE\",\"isPartOf\":{\"@id\":\"https:\\\/\\\/ks-zdole.si\\\/#website\"},\"datePublished\":\"2023-04-03T02:57:49+00:00\",\"dateModified\":\"2023-08-27T03:13:31+00:00\",\"breadcrumb\":{\"@id\":\"https:\\\/\\\/ks-zdole.si\\\/index.php\\\/2023\\\/04\\\/03\\\/cvetna-nedelja-na-zdolah\\\/#breadcrumb\"},\"inLanguage\":\"sl-SI\",\"potentialAction\":[{\"@type\":\"ReadAction\",\"target\":[\"https:\\\/\\\/ks-zdole.si\\\/index.php\\\/2023\\\/04\\\/03\\\/cvetna-nedelja-na-zdolah\\\/\"]}]},{\"@type\":\"BreadcrumbList\",\"@id\":\"https:\\\/\\\/ks-zdole.si\\\/index.php\\\/2023\\\/04\\\/03\\\/cvetna-nedelja-na-zdolah\\\/#breadcrumb\",\"itemListElement\":[{\"@type\":\"ListItem\",\"position\":1,\"name\":\"Home\",\"item\":\"https:\\\/\\\/ks-zdole.si\\\/\"},{\"@type\":\"ListItem\",\"position\":2,\"name\":\"CVETNA NEDELJA NA ZDOLAH\"}]},{\"@type\":\"WebSite\",\"@id\":\"https:\\\/\\\/ks-zdole.si\\\/#website\",\"url\":\"https:\\\/\\\/ks-zdole.si\\\/\",\"name\":\"KS - ZDOLE\",\"description\":\"Zdole, lu\u010d sveta!\",\"publisher\":{\"@id\":\"https:\\\/\\\/ks-zdole.si\\\/#organization\"},\"potentialAction\":[{\"@type\":\"SearchAction\",\"target\":{\"@type\":\"EntryPoint\",\"urlTemplate\":\"https:\\\/\\\/ks-zdole.si\\\/?s={search_term_string}\"},\"query-input\":{\"@type\":\"PropertyValueSpecification\",\"valueRequired\":true,\"valueName\":\"search_term_string\"}}],\"inLanguage\":\"sl-SI\"},{\"@type\":\"Organization\",\"@id\":\"https:\\\/\\\/ks-zdole.si\\\/#organization\",\"name\":\"KS - ZDOLE\",\"url\":\"https:\\\/\\\/ks-zdole.si\\\/\",\"logo\":{\"@type\":\"ImageObject\",\"inLanguage\":\"sl-SI\",\"@id\":\"https:\\\/\\\/ks-zdole.si\\\/#\\\/schema\\\/logo\\\/image\\\/\",\"url\":\"https:\\\/\\\/ks-zdole.si\\\/wp-content\\\/uploads\\\/2024\\\/04\\\/grb_zdole_150.png\",\"contentUrl\":\"https:\\\/\\\/ks-zdole.si\\\/wp-content\\\/uploads\\\/2024\\\/04\\\/grb_zdole_150.png\",\"width\":150,\"height\":184,\"caption\":\"KS - ZDOLE\"},\"image\":{\"@id\":\"https:\\\/\\\/ks-zdole.si\\\/#\\\/schema\\\/logo\\\/image\\\/\"}},{\"@type\":\"Person\",\"@id\":\"https:\\\/\\\/ks-zdole.si\\\/#\\\/schema\\\/person\\\/59de06a37bd95c4f26ee59fd8c90bedf\",\"name\":\"uredni\u0161tvo\",\"image\":{\"@type\":\"ImageObject\",\"inLanguage\":\"sl-SI\",\"@id\":\"https:\\\/\\\/secure.gravatar.com\\\/avatar\\\/34f926b89ca0c9163cd89973540074cb6333d29c68eac5122c3bcd6d78edfeff?s=96&d=mm&r=g\",\"url\":\"https:\\\/\\\/secure.gravatar.com\\\/avatar\\\/34f926b89ca0c9163cd89973540074cb6333d29c68eac5122c3bcd6d78edfeff?s=96&d=mm&r=g\",\"contentUrl\":\"https:\\\/\\\/secure.gravatar.com\\\/avatar\\\/34f926b89ca0c9163cd89973540074cb6333d29c68eac5122c3bcd6d78edfeff?s=96&d=mm&r=g\",\"caption\":\"uredni\u0161tvo\"},\"sameAs\":[\"http:\\\/\\\/ks-zdole.si\"],\"url\":\"https:\\\/\\\/ks-zdole.si\\\/index.php\\\/author\\\/stanislav\\\/\"}]}<\/script>\n<!-- \/ Yoast SEO plugin. -->","yoast_head_json":{"title":"CVETNA NEDELJA NA ZDOLAH - KS - ZDOLE","robots":{"index":"index","follow":"follow","max-snippet":"max-snippet:-1","max-image-preview":"max-image-preview:large","max-video-preview":"max-video-preview:-1"},"canonical":"https:\/\/ks-zdole.si\/index.php\/2023\/04\/03\/cvetna-nedelja-na-zdolah\/","og_locale":"sl_SI","og_type":"article","og_title":"CVETNA NEDELJA NA ZDOLAH - KS - ZDOLE","og_description":"V Turisti\u010dnem hortikulturnem dru\u0161tvu Zdole (THD) so obele\u017eili cvetno nedeljo. Najprej so v dopoldanskih urah \u010dlani THD obogatili okolico Doma krajanov z \u00bbvelikono\u010dno pripovedko\u00ab, \u010dasu primerno zunanjo dekoracijo, ki so jo vzpostavili tudi pri va\u0161ki kapelici, popoldanske ure pa namenili najmlaj\u0161im krajanom. Z velikono\u010dnimi dekoracijami so \u010dlani THD okrasili okolico ve\u010dnamenskega doma in va\u0161ke kapeliceTi [&hellip;]","og_url":"https:\/\/ks-zdole.si\/index.php\/2023\/04\/03\/cvetna-nedelja-na-zdolah\/","og_site_name":"KS - ZDOLE","article_published_time":"2023-04-03T02:57:49+00:00","article_modified_time":"2023-08-27T03:13:31+00:00","author":"uredni\u0161tvo","twitter_card":"summary_large_image","twitter_misc":{"Written by":"uredni\u0161tvo","Est. reading time":"1 minuta"},"schema":{"@context":"https:\/\/schema.org","@graph":[{"@type":"Article","@id":"https:\/\/ks-zdole.si\/index.php\/2023\/04\/03\/cvetna-nedelja-na-zdolah\/#article","isPartOf":{"@id":"https:\/\/ks-zdole.si\/index.php\/2023\/04\/03\/cvetna-nedelja-na-zdolah\/"},"author":{"name":"uredni\u0161tvo","@id":"https:\/\/ks-zdole.si\/#\/schema\/person\/59de06a37bd95c4f26ee59fd8c90bedf"},"headline":"CVETNA NEDELJA NA ZDOLAH","datePublished":"2023-04-03T02:57:49+00:00","dateModified":"2023-08-27T03:13:31+00:00","mainEntityOfPage":{"@id":"https:\/\/ks-zdole.si\/index.php\/2023\/04\/03\/cvetna-nedelja-na-zdolah\/"},"wordCount":229,"publisher":{"@id":"https:\/\/ks-zdole.si\/#organization"},"articleSection":["THD ZDOLE"],"inLanguage":"sl-SI"},{"@type":"WebPage","@id":"https:\/\/ks-zdole.si\/index.php\/2023\/04\/03\/cvetna-nedelja-na-zdolah\/","url":"https:\/\/ks-zdole.si\/index.php\/2023\/04\/03\/cvetna-nedelja-na-zdolah\/","name":"CVETNA NEDELJA NA ZDOLAH - KS - ZDOLE","isPartOf":{"@id":"https:\/\/ks-zdole.si\/#website"},"datePublished":"2023-04-03T02:57:49+00:00","dateModified":"2023-08-27T03:13:31+00:00","breadcrumb":{"@id":"https:\/\/ks-zdole.si\/index.php\/2023\/04\/03\/cvetna-nedelja-na-zdolah\/#breadcrumb"},"inLanguage":"sl-SI","potentialAction":[{"@type":"ReadAction","target":["https:\/\/ks-zdole.si\/index.php\/2023\/04\/03\/cvetna-nedelja-na-zdolah\/"]}]},{"@type":"BreadcrumbList","@id":"https:\/\/ks-zdole.si\/index.php\/2023\/04\/03\/cvetna-nedelja-na-zdolah\/#breadcrumb","itemListElement":[{"@type":"ListItem","position":1,"name":"Home","item":"https:\/\/ks-zdole.si\/"},{"@type":"ListItem","position":2,"name":"CVETNA NEDELJA NA ZDOLAH"}]},{"@type":"WebSite","@id":"https:\/\/ks-zdole.si\/#website","url":"https:\/\/ks-zdole.si\/","name":"KS - ZDOLE","description":"Zdole, lu\u010d sveta!","publisher":{"@id":"https:\/\/ks-zdole.si\/#organization"},"potentialAction":[{"@type":"SearchAction","target":{"@type":"EntryPoint","urlTemplate":"https:\/\/ks-zdole.si\/?s={search_term_string}"},"query-input":{"@type":"PropertyValueSpecification","valueRequired":true,"valueName":"search_term_string"}}],"inLanguage":"sl-SI"},{"@type":"Organization","@id":"https:\/\/ks-zdole.si\/#organization","name":"KS - ZDOLE","url":"https:\/\/ks-zdole.si\/","logo":{"@type":"ImageObject","inLanguage":"sl-SI","@id":"https:\/\/ks-zdole.si\/#\/schema\/logo\/image\/","url":"https:\/\/ks-zdole.si\/wp-content\/uploads\/2024\/04\/grb_zdole_150.png","contentUrl":"https:\/\/ks-zdole.si\/wp-content\/uploads\/2024\/04\/grb_zdole_150.png","width":150,"height":184,"caption":"KS - ZDOLE"},"image":{"@id":"https:\/\/ks-zdole.si\/#\/schema\/logo\/image\/"}},{"@type":"Person","@id":"https:\/\/ks-zdole.si\/#\/schema\/person\/59de06a37bd95c4f26ee59fd8c90bedf","name":"uredni\u0161tvo","image":{"@type":"ImageObject","inLanguage":"sl-SI","@id":"https:\/\/secure.gravatar.com\/avatar\/34f926b89ca0c9163cd89973540074cb6333d29c68eac5122c3bcd6d78edfeff?s=96&d=mm&r=g","url":"https:\/\/secure.gravatar.com\/avatar\/34f926b89ca0c9163cd89973540074cb6333d29c68eac5122c3bcd6d78edfeff?s=96&d=mm&r=g","contentUrl":"https:\/\/secure.gravatar.com\/avatar\/34f926b89ca0c9163cd89973540074cb6333d29c68eac5122c3bcd6d78edfeff?s=96&d=mm&r=g","caption":"uredni\u0161tvo"},"sameAs":["http:\/\/ks-zdole.si"],"url":"https:\/\/ks-zdole.si\/index.php\/author\/stanislav\/"}]}},"_links":{"self":[{"href":"https:\/\/ks-zdole.si\/index.php\/wp-json\/wp\/v2\/posts\/2233","targetHints":{"allow":["GET"]}}],"collection":[{"href":"https:\/\/ks-zdole.si\/index.php\/wp-json\/wp\/v2\/posts"}],"about":[{"href":"https:\/\/ks-zdole.si\/index.php\/wp-json\/wp\/v2\/types\/post"}],"author":[{"embeddable":true,"href":"https:\/\/ks-zdole.si\/index.php\/wp-json\/wp\/v2\/users\/1"}],"replies":[{"embeddable":true,"href":"https:\/\/ks-zdole.si\/index.php\/wp-json\/wp\/v2\/comments?post=2233"}],"version-history":[{"count":2,"href":"https:\/\/ks-zdole.si\/index.php\/wp-json\/wp\/v2\/posts\/2233\/revisions"}],"predecessor-version":[{"id":2251,"href":"https:\/\/ks-zdole.si\/index.php\/wp-json\/wp\/v2\/posts\/2233\/revisions\/2251"}],"wp:attachment":[{"href":"https:\/\/ks-zdole.si\/index.php\/wp-json\/wp\/v2\/media?parent=2233"}],"wp:term":[{"taxonomy":"category","embeddable":true,"href":"https:\/\/ks-zdole.si\/index.php\/wp-json\/wp\/v2\/categories?post=2233"},{"taxonomy":"post_tag","embeddable":true,"href":"https:\/\/ks-zdole.si\/index.php\/wp-json\/wp\/v2\/tags?post=2233"}],"curies":[{"name":"wp","href":"https:\/\/api.w.org\/{rel}","templated":true}]}}