
{"id":2227,"date":"2023-04-24T03:48:44","date_gmt":"2023-04-24T02:48:44","guid":{"rendered":"https:\/\/ks-zdole.si\/?p=2227"},"modified":"2023-08-27T04:09:39","modified_gmt":"2023-08-27T03:09:39","slug":"na-zdolah-so-letos-praznovali-kar-stiri-dni-in-zakljucili-z-jurjevanjem","status":"publish","type":"post","link":"https:\/\/ks-zdole.si\/index.php\/2023\/04\/24\/na-zdolah-so-letos-praznovali-kar-stiri-dni-in-zakljucili-z-jurjevanjem\/","title":{"rendered":"\u200bNA ZDOLAH SO LETOS PRAZNOVALI KAR \u0160TIRI DNI IN ZAKLJU\u010cILI Z JURJEVANJEM"},"content":{"rendered":"\n<p>Na <strong>Zdolah<\/strong> so na Jurjevo nedeljo, na god zavetnika tamkaj\u0161nje cerkve, s tradicionalnim jurjevanjem<strong> zaklju\u010dili letos kar \u0161tiridnevno krajevno praznovanje.<\/strong> Na osrednji prireditvi v Domu krajanov so podelili krajevna priznanja.<\/p>\n\n\n\n<p><strong>Komi\u010dni ve\u010der, namizni tenis, pohod, Okusi Zdol \u2026<\/strong><br><br>Pri leto\u0161njem zdolskem krajevnem prazniku so <strong>poleg krajevne skupnosti in <a href=\"https:\/\/www.facebook.com\/Turisti%C4%8Dno-Hortikulturno-Dru%C5%A1tvo-Zdole-1881221718788607\" target=\"_blank\" rel=\"noreferrer noopener\">THD Zdole<\/a> mo\u010di zdru\u017eila tudi tamkaj\u0161nje <a href=\"https:\/\/www.facebook.com\/pgd.zdole.5\" target=\"_blank\" rel=\"noreferrer noopener\">prostovoljno gasilsko<\/a> in \u0161portno dru\u0161tvo<\/strong>. Za\u010delo se je s <strong>komi\u010dnim \u010detrtkom<\/strong>, ko so jih v polni dvorani Doma krajanov s stand up komedijo zabavali <strong>Tin Vodopivec in trenutni prijatelji<\/strong>. V petek je v Ve\u010dnamenskem domu Zdole potekal<strong> turnir v namiznem tenisu.<\/strong><\/p>\n\n\n\n<p>V soboto je Zeleni Jurij na ko\u010diji <strong>Slavka \u010cerneli\u010da<\/strong> skupaj z zdolskim podmladkom in ob spremljavi harmonike po vaseh v KS <strong>pobiral jajca za tradicionalno zdolsko cvrtje in ostale kulinari\u010dne dobrote<\/strong>, \u010demur je sledil voden <strong>pohod po poti Jurjevega teka.<\/strong> Vodja pohoda <strong>Simon Knez<\/strong> je ob postanku pri Iva\u010di\u010devi doma\u010diji v Ravnah pohodnike prijetno presenetil z okrep\u010dilom s hladnimi napitki. Ob son\u010dnem zahodu so se krajani zbrali pod \u0161otorom pri Domu krajanov in se dodatno osve\u017eili na <strong>Okusih Zdol, <\/strong>ki jih je organizirala KS Zdole z roko v roki z doma\u010dimi vinarji (<strong>Andrej Molan, Branimir Omerzel, Denis Gri\u010dar in Katja Bostele, Toni Knez, Bojan Gerjevi\u010d, Jo\u017ee \u017divi\u010d<\/strong>), pridelovalcem sadnih sokov (<strong>Jo\u017ee in Metka Ro\u017eman<\/strong>) ter gostincema <strong>Janijem Molanom in Tadejo \u010cernoga<\/strong> s zdolsko gobovo juho po receptu kuharskega mojstra Ivana Iva\u010di\u010da in okusnimi pe\u010denimi mesnimi dobrotami. Ve\u010derno dogajanje in medgeneracijsko dru\u017eenje je z rockovsko obarvanim \u017eurom popestril <strong>BARB band.<\/strong><br><\/p>\n\n\n\n<p><strong>Tradicionalno nedeljsko jurjevanje<br>&nbsp;<\/strong><br>Jurjeva nedelja se je seveda za\u010dela s<strong> tradicionalno budnico Pihalnega orkestra Kr\u0161ko in pripravo cvrtja, <\/strong>nadaljevala s <strong>sve\u010dano sv. ma\u0161o v cerkvi sv. Jurija<\/strong>, nato pa <strong>dru\u017eenjem ob glasbi ansambla Plamenci<\/strong> pod \u0161otorom. Na osrednjo prireditev so krajanke in krajane povabili v dvorano, kjer je novi predsednik sveta KS <strong>Dejan \u017dnider\u0161i\u010d <\/strong>podelil krajevna priznanja. Prejeli so jih <strong>Marija Ferlin,<\/strong> ve\u010dletna aktivna \u010dlanica THD Zdole in aktivna prostovoljka v razli\u010dnih otro\u0161kih taborih, ki jo odlikujeta po\u017ertvovalnost in \u010dut za starej\u0161e in bolne; <strong>Sre\u010dko Umek<\/strong>, prav tako dolgoletni \u010dlan THD Zdole, ki se udele\u017euje vseh delovnih akcij, krajani pa ga poznajo kot prijetnega sogovornika in dobrega soseda;<strong> Jo\u017ee \u017divi\u010d<\/strong>, \u017ee 45 let \u010dlan PGD Zdole, ki se je izkazal pri gradnji gasilskega doma in z aktivno udele\u017ebo pri organiziranih gasilskih opravilih in akcijah; ter v odsotnosti <strong>Aleksandra \u0160majgl,<\/strong> nepogre\u0161ljiva in izredno marljiva \u010dlanica ve\u010d dru\u0161tev v krajevni skupnosti, ki aktivno sodeluje pri vseh \u010distilnih akcijah, na jurjevanjih in v cerkvenih vrstah.<\/p>\n\n\n\n<p><br><strong>Najve\u010dja \u017eelja: obnova ceste iz Kr\u0161kega<\/strong><br><br>Zbrane na prireditvi je nagovoril tudi \u017eupan <a rel=\"noreferrer noopener\" href=\"https:\/\/www.facebook.com\/ObcinaKrsko\" target=\"_blank\">Mestne ob\u010dine Kr\u0161ko<\/a><strong>Janez Kerin.<\/strong> Povedal je, da ob\u010dine letos na obmo\u010dju krajevne skupnosti Zdole na\u010drtuje ureditev odseka ceste Ravne pri Zdolah\u2013\u0160apole, v okviru participativnega prora\u010duna pa postavitev nizke plezalne stene in motori\u010dnih igral na otro\u0161kem igri\u0161\u010du. \u00bbZ dogajanjem, ki ga pripravljate ob krajevnem prazniku, dokazujete, da vam je mar za va\u0161o zgodovino. Tradicije, ki so jih ustvarili va\u0161i predhodniki, predstavljajo temelj va\u0161e skupnosti in pravilno je, da jih ohranjate, dopolnjujete, nadgrajujete in razvijate,\u00ab je dejal Zdolanom in Zdolankam ter jim \u010destital ob krajevnem prazniku, \u0161e posebej pa krajevnim nagrajencem.<br><br>Na Zdolah si sicer \u017ee leta prizadevajo za <strong>obnovo dr\u017eavne ceste, ki k njim vodi iz Kr\u0161kega<\/strong>. \u00bbProjekt je v zaklju\u010dni fazi, tako da \u010dakamo na Direkcijo za infrastrukturo, da za\u010dne z izbiro izvajalcev in da se \u010dim prej za\u010dne delati. Obljubljeno je bilo, da se bo izbor izvajalcev za\u010del v drugi polovici leto\u0161njega leta, spomladi naslednje pa za\u010detek del, a so \u017ee nove informacije, da se vse skupaj zamika za eno leto,\u00ab je pojasnil \u017dnider\u0161i\u010d. Te\u017eave imajo tudi z Domom Bena Zupan\u010di\u010da, kjer \u010dakajo na odgovore statikov, ali je stavba primerna za obnovo ali le za ru\u0161itev, vsekakor pa bo treba kmalu sprejeti odlo\u010ditev, saj stavba propada. V primeru obnove bi v njem radi uredili center \u0161olskih in ob\u0161olskih dejavnosti, kar pa je odvisno od na\u010drtov ministrstva za \u0161olstvo.<br><br>Prireditev, ki jo je povezovala <strong>Romana \u017dnider\u0161i\u010d,<\/strong> so obogatili doma\u010di glasbeniki in hkrati u\u010denci Glasbene \u0161ole Kr\u0161ko <strong>Alja\u017e Pezdirc<\/strong> (kitara), <strong>Tita \u017dnider\u0161i\u010d <\/strong>(klarinet) in <strong>Ja\u0161a Omerzu<\/strong> (diatoni\u010dna harmonika) ter otroci starej\u0161e skupine <strong>Vrtca Zdole (enota Muren\u010dek)<\/strong>.<\/p>\n\n\n\n<div style=\"height:30px\" aria-hidden=\"true\" class=\"wp-block-spacer\"><\/div>\n\n\n\n<script type=\"text\/javascript\">\r\ndocument.addEventListener(\"DOMContentLoaded\", function(event) { \r\n\tjQuery( '#slider-pro-3-2240' ).sliderPro({\r\n\t\t\/\/width\r\n\t\t\t\twidth: 1000,\r\n\t\t\t\t\r\n\t\t\/\/height\r\n\t\t\t\theight: 500,\r\n\t\t\t\t\r\n\t\t\/\/auto play\r\n\t\t\t\tautoplay:  true,\r\n\t\tautoplayOnHover: 'none',\r\n\t\t\t\t\t\t\t\tautoplayDelay: 5000,\r\n\t\t\r\n\t\t\r\n\t\tarrows: true,\r\n\t\tbuttons: true,\r\n\t\tsmallSize: 500,\r\n\t\tmediumSize: 1000,\r\n\t\tlargeSize: 3000,\r\n\t\tfade: true,\r\n\t\t\r\n\t\t\/\/thumbnail\r\n\t\tthumbnailArrows: true,\r\n\t\tthumbnailWidth: 120,\r\n\t\tthumbnailHeight: 120,\r\n\t\t\t\t\t\tthumbnailsPosition: 'bottom',\r\n\t\t\t\t\t\tcenterImage: true,\r\n\t\timageScaleMode: 'cover',\r\n\t\tallowScaleUp: true,\r\n\t\t\t\tstartSlide: 0,\r\n\t\tloop: true,\r\n\t\tslideDistance: 5,\r\n\t\tautoplayDirection: 'normal',\r\n\t\ttouchSwipe: true,\r\n\t\tfullScreen: true,\r\n\t});\r\n});\r\n<\/script>\r\n\r\n <div class=\"slides-not-found\"><i class=\"fa fa-times-circle\"><\/i> No Slide Found In Slider.<\/div> \n","protected":false},"excerpt":{"rendered":"<p>Na Zdolah so na Jurjevo nedeljo, na god zavetnika tamkaj\u0161nje cerkve, s tradicionalnim jurjevanjem zaklju\u010dili letos kar \u0161tiridnevno krajevno praznovanje. Na osrednji prireditvi v Domu krajanov so podelili krajevna priznanja. Komi\u010dni ve\u010der, namizni tenis, pohod, Okusi Zdol \u2026 Pri leto\u0161njem zdolskem krajevnem prazniku so poleg krajevne skupnosti in THD Zdole mo\u010di zdru\u017eila tudi tamkaj\u0161nje prostovoljno [&hellip;]<\/p>\n","protected":false},"author":1,"featured_media":0,"comment_status":"open","ping_status":"open","sticky":false,"template":"","format":"standard","meta":{"footnotes":""},"categories":[23],"tags":[],"class_list":["post-2227","post","type-post","status-publish","format-standard","hentry","category-turisticno-hortikulturno-drustvo-zdole"],"yoast_head":"<!-- This site is optimized with the Yoast SEO plugin v27.5 - https:\/\/yoast.com\/product\/yoast-seo-wordpress\/ -->\n<title>\u200bNA ZDOLAH SO LETOS PRAZNOVALI KAR \u0160TIRI DNI IN ZAKLJU\u010cILI Z JURJEVANJEM - KS - ZDOLE<\/title>\n<meta name=\"robots\" content=\"index, follow, max-snippet:-1, max-image-preview:large, max-video-preview:-1\" \/>\n<link rel=\"canonical\" href=\"https:\/\/ks-zdole.si\/index.php\/2023\/04\/24\/na-zdolah-so-letos-praznovali-kar-stiri-dni-in-zakljucili-z-jurjevanjem\/\" \/>\n<meta property=\"og:locale\" content=\"sl_SI\" \/>\n<meta property=\"og:type\" content=\"article\" \/>\n<meta property=\"og:title\" content=\"\u200bNA ZDOLAH SO LETOS PRAZNOVALI KAR \u0160TIRI DNI IN ZAKLJU\u010cILI Z JURJEVANJEM - KS - ZDOLE\" \/>\n<meta property=\"og:description\" content=\"Na Zdolah so na Jurjevo nedeljo, na god zavetnika tamkaj\u0161nje cerkve, s tradicionalnim jurjevanjem zaklju\u010dili letos kar \u0161tiridnevno krajevno praznovanje. Na osrednji prireditvi v Domu krajanov so podelili krajevna priznanja. Komi\u010dni ve\u010der, namizni tenis, pohod, Okusi Zdol \u2026 Pri leto\u0161njem zdolskem krajevnem prazniku so poleg krajevne skupnosti in THD Zdole mo\u010di zdru\u017eila tudi tamkaj\u0161nje prostovoljno [&hellip;]\" \/>\n<meta property=\"og:url\" content=\"https:\/\/ks-zdole.si\/index.php\/2023\/04\/24\/na-zdolah-so-letos-praznovali-kar-stiri-dni-in-zakljucili-z-jurjevanjem\/\" \/>\n<meta property=\"og:site_name\" content=\"KS - ZDOLE\" \/>\n<meta property=\"article:published_time\" content=\"2023-04-24T02:48:44+00:00\" \/>\n<meta property=\"article:modified_time\" content=\"2023-08-27T03:09:39+00:00\" \/>\n<meta name=\"author\" content=\"uredni\u0161tvo\" \/>\n<meta name=\"twitter:card\" content=\"summary_large_image\" \/>\n<meta name=\"twitter:label1\" content=\"Written by\" \/>\n\t<meta name=\"twitter:data1\" content=\"uredni\u0161tvo\" \/>\n\t<meta name=\"twitter:label2\" content=\"Est. reading time\" \/>\n\t<meta name=\"twitter:data2\" content=\"4 minute\" \/>\n<script type=\"application\/ld+json\" class=\"yoast-schema-graph\">{\"@context\":\"https:\\\/\\\/schema.org\",\"@graph\":[{\"@type\":\"Article\",\"@id\":\"https:\\\/\\\/ks-zdole.si\\\/index.php\\\/2023\\\/04\\\/24\\\/na-zdolah-so-letos-praznovali-kar-stiri-dni-in-zakljucili-z-jurjevanjem\\\/#article\",\"isPartOf\":{\"@id\":\"https:\\\/\\\/ks-zdole.si\\\/index.php\\\/2023\\\/04\\\/24\\\/na-zdolah-so-letos-praznovali-kar-stiri-dni-in-zakljucili-z-jurjevanjem\\\/\"},\"author\":{\"name\":\"uredni\u0161tvo\",\"@id\":\"https:\\\/\\\/ks-zdole.si\\\/#\\\/schema\\\/person\\\/59de06a37bd95c4f26ee59fd8c90bedf\"},\"headline\":\"\u200bNA ZDOLAH SO LETOS PRAZNOVALI KAR \u0160TIRI DNI IN ZAKLJU\u010cILI Z JURJEVANJEM\",\"datePublished\":\"2023-04-24T02:48:44+00:00\",\"dateModified\":\"2023-08-27T03:09:39+00:00\",\"mainEntityOfPage\":{\"@id\":\"https:\\\/\\\/ks-zdole.si\\\/index.php\\\/2023\\\/04\\\/24\\\/na-zdolah-so-letos-praznovali-kar-stiri-dni-in-zakljucili-z-jurjevanjem\\\/\"},\"wordCount\":777,\"commentCount\":0,\"publisher\":{\"@id\":\"https:\\\/\\\/ks-zdole.si\\\/#organization\"},\"articleSection\":[\"THD ZDOLE\"],\"inLanguage\":\"sl-SI\",\"potentialAction\":[{\"@type\":\"CommentAction\",\"name\":\"Comment\",\"target\":[\"https:\\\/\\\/ks-zdole.si\\\/index.php\\\/2023\\\/04\\\/24\\\/na-zdolah-so-letos-praznovali-kar-stiri-dni-in-zakljucili-z-jurjevanjem\\\/#respond\"]}]},{\"@type\":\"WebPage\",\"@id\":\"https:\\\/\\\/ks-zdole.si\\\/index.php\\\/2023\\\/04\\\/24\\\/na-zdolah-so-letos-praznovali-kar-stiri-dni-in-zakljucili-z-jurjevanjem\\\/\",\"url\":\"https:\\\/\\\/ks-zdole.si\\\/index.php\\\/2023\\\/04\\\/24\\\/na-zdolah-so-letos-praznovali-kar-stiri-dni-in-zakljucili-z-jurjevanjem\\\/\",\"name\":\"\u200bNA ZDOLAH SO LETOS PRAZNOVALI KAR \u0160TIRI DNI IN ZAKLJU\u010cILI Z JURJEVANJEM - KS - ZDOLE\",\"isPartOf\":{\"@id\":\"https:\\\/\\\/ks-zdole.si\\\/#website\"},\"datePublished\":\"2023-04-24T02:48:44+00:00\",\"dateModified\":\"2023-08-27T03:09:39+00:00\",\"breadcrumb\":{\"@id\":\"https:\\\/\\\/ks-zdole.si\\\/index.php\\\/2023\\\/04\\\/24\\\/na-zdolah-so-letos-praznovali-kar-stiri-dni-in-zakljucili-z-jurjevanjem\\\/#breadcrumb\"},\"inLanguage\":\"sl-SI\",\"potentialAction\":[{\"@type\":\"ReadAction\",\"target\":[\"https:\\\/\\\/ks-zdole.si\\\/index.php\\\/2023\\\/04\\\/24\\\/na-zdolah-so-letos-praznovali-kar-stiri-dni-in-zakljucili-z-jurjevanjem\\\/\"]}]},{\"@type\":\"BreadcrumbList\",\"@id\":\"https:\\\/\\\/ks-zdole.si\\\/index.php\\\/2023\\\/04\\\/24\\\/na-zdolah-so-letos-praznovali-kar-stiri-dni-in-zakljucili-z-jurjevanjem\\\/#breadcrumb\",\"itemListElement\":[{\"@type\":\"ListItem\",\"position\":1,\"name\":\"Home\",\"item\":\"https:\\\/\\\/ks-zdole.si\\\/\"},{\"@type\":\"ListItem\",\"position\":2,\"name\":\"\u200bNA ZDOLAH SO LETOS PRAZNOVALI KAR \u0160TIRI DNI IN ZAKLJU\u010cILI Z JURJEVANJEM\"}]},{\"@type\":\"WebSite\",\"@id\":\"https:\\\/\\\/ks-zdole.si\\\/#website\",\"url\":\"https:\\\/\\\/ks-zdole.si\\\/\",\"name\":\"KS - ZDOLE\",\"description\":\"Zdole, lu\u010d sveta!\",\"publisher\":{\"@id\":\"https:\\\/\\\/ks-zdole.si\\\/#organization\"},\"potentialAction\":[{\"@type\":\"SearchAction\",\"target\":{\"@type\":\"EntryPoint\",\"urlTemplate\":\"https:\\\/\\\/ks-zdole.si\\\/?s={search_term_string}\"},\"query-input\":{\"@type\":\"PropertyValueSpecification\",\"valueRequired\":true,\"valueName\":\"search_term_string\"}}],\"inLanguage\":\"sl-SI\"},{\"@type\":\"Organization\",\"@id\":\"https:\\\/\\\/ks-zdole.si\\\/#organization\",\"name\":\"KS - ZDOLE\",\"url\":\"https:\\\/\\\/ks-zdole.si\\\/\",\"logo\":{\"@type\":\"ImageObject\",\"inLanguage\":\"sl-SI\",\"@id\":\"https:\\\/\\\/ks-zdole.si\\\/#\\\/schema\\\/logo\\\/image\\\/\",\"url\":\"https:\\\/\\\/ks-zdole.si\\\/wp-content\\\/uploads\\\/2024\\\/04\\\/grb_zdole_150.png\",\"contentUrl\":\"https:\\\/\\\/ks-zdole.si\\\/wp-content\\\/uploads\\\/2024\\\/04\\\/grb_zdole_150.png\",\"width\":150,\"height\":184,\"caption\":\"KS - ZDOLE\"},\"image\":{\"@id\":\"https:\\\/\\\/ks-zdole.si\\\/#\\\/schema\\\/logo\\\/image\\\/\"}},{\"@type\":\"Person\",\"@id\":\"https:\\\/\\\/ks-zdole.si\\\/#\\\/schema\\\/person\\\/59de06a37bd95c4f26ee59fd8c90bedf\",\"name\":\"uredni\u0161tvo\",\"image\":{\"@type\":\"ImageObject\",\"inLanguage\":\"sl-SI\",\"@id\":\"https:\\\/\\\/secure.gravatar.com\\\/avatar\\\/34f926b89ca0c9163cd89973540074cb6333d29c68eac5122c3bcd6d78edfeff?s=96&d=mm&r=g\",\"url\":\"https:\\\/\\\/secure.gravatar.com\\\/avatar\\\/34f926b89ca0c9163cd89973540074cb6333d29c68eac5122c3bcd6d78edfeff?s=96&d=mm&r=g\",\"contentUrl\":\"https:\\\/\\\/secure.gravatar.com\\\/avatar\\\/34f926b89ca0c9163cd89973540074cb6333d29c68eac5122c3bcd6d78edfeff?s=96&d=mm&r=g\",\"caption\":\"uredni\u0161tvo\"},\"sameAs\":[\"http:\\\/\\\/ks-zdole.si\"],\"url\":\"https:\\\/\\\/ks-zdole.si\\\/index.php\\\/author\\\/stanislav\\\/\"}]}<\/script>\n<!-- \/ Yoast SEO plugin. -->","yoast_head_json":{"title":"\u200bNA ZDOLAH SO LETOS PRAZNOVALI KAR \u0160TIRI DNI IN ZAKLJU\u010cILI Z JURJEVANJEM - KS - ZDOLE","robots":{"index":"index","follow":"follow","max-snippet":"max-snippet:-1","max-image-preview":"max-image-preview:large","max-video-preview":"max-video-preview:-1"},"canonical":"https:\/\/ks-zdole.si\/index.php\/2023\/04\/24\/na-zdolah-so-letos-praznovali-kar-stiri-dni-in-zakljucili-z-jurjevanjem\/","og_locale":"sl_SI","og_type":"article","og_title":"\u200bNA ZDOLAH SO LETOS PRAZNOVALI KAR \u0160TIRI DNI IN ZAKLJU\u010cILI Z JURJEVANJEM - KS - ZDOLE","og_description":"Na Zdolah so na Jurjevo nedeljo, na god zavetnika tamkaj\u0161nje cerkve, s tradicionalnim jurjevanjem zaklju\u010dili letos kar \u0161tiridnevno krajevno praznovanje. Na osrednji prireditvi v Domu krajanov so podelili krajevna priznanja. Komi\u010dni ve\u010der, namizni tenis, pohod, Okusi Zdol \u2026 Pri leto\u0161njem zdolskem krajevnem prazniku so poleg krajevne skupnosti in THD Zdole mo\u010di zdru\u017eila tudi tamkaj\u0161nje prostovoljno [&hellip;]","og_url":"https:\/\/ks-zdole.si\/index.php\/2023\/04\/24\/na-zdolah-so-letos-praznovali-kar-stiri-dni-in-zakljucili-z-jurjevanjem\/","og_site_name":"KS - ZDOLE","article_published_time":"2023-04-24T02:48:44+00:00","article_modified_time":"2023-08-27T03:09:39+00:00","author":"uredni\u0161tvo","twitter_card":"summary_large_image","twitter_misc":{"Written by":"uredni\u0161tvo","Est. reading time":"4 minute"},"schema":{"@context":"https:\/\/schema.org","@graph":[{"@type":"Article","@id":"https:\/\/ks-zdole.si\/index.php\/2023\/04\/24\/na-zdolah-so-letos-praznovali-kar-stiri-dni-in-zakljucili-z-jurjevanjem\/#article","isPartOf":{"@id":"https:\/\/ks-zdole.si\/index.php\/2023\/04\/24\/na-zdolah-so-letos-praznovali-kar-stiri-dni-in-zakljucili-z-jurjevanjem\/"},"author":{"name":"uredni\u0161tvo","@id":"https:\/\/ks-zdole.si\/#\/schema\/person\/59de06a37bd95c4f26ee59fd8c90bedf"},"headline":"\u200bNA ZDOLAH SO LETOS PRAZNOVALI KAR \u0160TIRI DNI IN ZAKLJU\u010cILI Z JURJEVANJEM","datePublished":"2023-04-24T02:48:44+00:00","dateModified":"2023-08-27T03:09:39+00:00","mainEntityOfPage":{"@id":"https:\/\/ks-zdole.si\/index.php\/2023\/04\/24\/na-zdolah-so-letos-praznovali-kar-stiri-dni-in-zakljucili-z-jurjevanjem\/"},"wordCount":777,"commentCount":0,"publisher":{"@id":"https:\/\/ks-zdole.si\/#organization"},"articleSection":["THD ZDOLE"],"inLanguage":"sl-SI","potentialAction":[{"@type":"CommentAction","name":"Comment","target":["https:\/\/ks-zdole.si\/index.php\/2023\/04\/24\/na-zdolah-so-letos-praznovali-kar-stiri-dni-in-zakljucili-z-jurjevanjem\/#respond"]}]},{"@type":"WebPage","@id":"https:\/\/ks-zdole.si\/index.php\/2023\/04\/24\/na-zdolah-so-letos-praznovali-kar-stiri-dni-in-zakljucili-z-jurjevanjem\/","url":"https:\/\/ks-zdole.si\/index.php\/2023\/04\/24\/na-zdolah-so-letos-praznovali-kar-stiri-dni-in-zakljucili-z-jurjevanjem\/","name":"\u200bNA ZDOLAH SO LETOS PRAZNOVALI KAR \u0160TIRI DNI IN ZAKLJU\u010cILI Z JURJEVANJEM - KS - ZDOLE","isPartOf":{"@id":"https:\/\/ks-zdole.si\/#website"},"datePublished":"2023-04-24T02:48:44+00:00","dateModified":"2023-08-27T03:09:39+00:00","breadcrumb":{"@id":"https:\/\/ks-zdole.si\/index.php\/2023\/04\/24\/na-zdolah-so-letos-praznovali-kar-stiri-dni-in-zakljucili-z-jurjevanjem\/#breadcrumb"},"inLanguage":"sl-SI","potentialAction":[{"@type":"ReadAction","target":["https:\/\/ks-zdole.si\/index.php\/2023\/04\/24\/na-zdolah-so-letos-praznovali-kar-stiri-dni-in-zakljucili-z-jurjevanjem\/"]}]},{"@type":"BreadcrumbList","@id":"https:\/\/ks-zdole.si\/index.php\/2023\/04\/24\/na-zdolah-so-letos-praznovali-kar-stiri-dni-in-zakljucili-z-jurjevanjem\/#breadcrumb","itemListElement":[{"@type":"ListItem","position":1,"name":"Home","item":"https:\/\/ks-zdole.si\/"},{"@type":"ListItem","position":2,"name":"\u200bNA ZDOLAH SO LETOS PRAZNOVALI KAR \u0160TIRI DNI IN ZAKLJU\u010cILI Z JURJEVANJEM"}]},{"@type":"WebSite","@id":"https:\/\/ks-zdole.si\/#website","url":"https:\/\/ks-zdole.si\/","name":"KS - ZDOLE","description":"Zdole, lu\u010d sveta!","publisher":{"@id":"https:\/\/ks-zdole.si\/#organization"},"potentialAction":[{"@type":"SearchAction","target":{"@type":"EntryPoint","urlTemplate":"https:\/\/ks-zdole.si\/?s={search_term_string}"},"query-input":{"@type":"PropertyValueSpecification","valueRequired":true,"valueName":"search_term_string"}}],"inLanguage":"sl-SI"},{"@type":"Organization","@id":"https:\/\/ks-zdole.si\/#organization","name":"KS - ZDOLE","url":"https:\/\/ks-zdole.si\/","logo":{"@type":"ImageObject","inLanguage":"sl-SI","@id":"https:\/\/ks-zdole.si\/#\/schema\/logo\/image\/","url":"https:\/\/ks-zdole.si\/wp-content\/uploads\/2024\/04\/grb_zdole_150.png","contentUrl":"https:\/\/ks-zdole.si\/wp-content\/uploads\/2024\/04\/grb_zdole_150.png","width":150,"height":184,"caption":"KS - ZDOLE"},"image":{"@id":"https:\/\/ks-zdole.si\/#\/schema\/logo\/image\/"}},{"@type":"Person","@id":"https:\/\/ks-zdole.si\/#\/schema\/person\/59de06a37bd95c4f26ee59fd8c90bedf","name":"uredni\u0161tvo","image":{"@type":"ImageObject","inLanguage":"sl-SI","@id":"https:\/\/secure.gravatar.com\/avatar\/34f926b89ca0c9163cd89973540074cb6333d29c68eac5122c3bcd6d78edfeff?s=96&d=mm&r=g","url":"https:\/\/secure.gravatar.com\/avatar\/34f926b89ca0c9163cd89973540074cb6333d29c68eac5122c3bcd6d78edfeff?s=96&d=mm&r=g","contentUrl":"https:\/\/secure.gravatar.com\/avatar\/34f926b89ca0c9163cd89973540074cb6333d29c68eac5122c3bcd6d78edfeff?s=96&d=mm&r=g","caption":"uredni\u0161tvo"},"sameAs":["http:\/\/ks-zdole.si"],"url":"https:\/\/ks-zdole.si\/index.php\/author\/stanislav\/"}]}},"_links":{"self":[{"href":"https:\/\/ks-zdole.si\/index.php\/wp-json\/wp\/v2\/posts\/2227","targetHints":{"allow":["GET"]}}],"collection":[{"href":"https:\/\/ks-zdole.si\/index.php\/wp-json\/wp\/v2\/posts"}],"about":[{"href":"https:\/\/ks-zdole.si\/index.php\/wp-json\/wp\/v2\/types\/post"}],"author":[{"embeddable":true,"href":"https:\/\/ks-zdole.si\/index.php\/wp-json\/wp\/v2\/users\/1"}],"replies":[{"embeddable":true,"href":"https:\/\/ks-zdole.si\/index.php\/wp-json\/wp\/v2\/comments?post=2227"}],"version-history":[{"count":3,"href":"https:\/\/ks-zdole.si\/index.php\/wp-json\/wp\/v2\/posts\/2227\/revisions"}],"predecessor-version":[{"id":2246,"href":"https:\/\/ks-zdole.si\/index.php\/wp-json\/wp\/v2\/posts\/2227\/revisions\/2246"}],"wp:attachment":[{"href":"https:\/\/ks-zdole.si\/index.php\/wp-json\/wp\/v2\/media?parent=2227"}],"wp:term":[{"taxonomy":"category","embeddable":true,"href":"https:\/\/ks-zdole.si\/index.php\/wp-json\/wp\/v2\/categories?post=2227"},{"taxonomy":"post_tag","embeddable":true,"href":"https:\/\/ks-zdole.si\/index.php\/wp-json\/wp\/v2\/tags?post=2227"}],"curies":[{"name":"wp","href":"https:\/\/api.w.org\/{rel}","templated":true}]}}